{"id":6079,"date":"2023-06-19T13:34:13","date_gmt":"2023-06-19T11:34:13","guid":{"rendered":"https:\/\/agora.xtec.cat\/ceip-torre-llauder-mataro\/?p=6079"},"modified":"2023-06-19T13:38:30","modified_gmt":"2023-06-19T11:38:30","slug":"el-meu-insti-meu-2023","status":"publish","type":"post","link":"https:\/\/agora.xtec.cat\/ceip-torre-llauder-mataro\/general\/el-meu-insti-meu-2023\/","title":{"rendered":"EL MEU INSTI + MEU 2023"},"content":{"rendered":"<p><a href=\"https:\/\/sites.google.com\/xtec.cat\/elmeuinstitutmeu\/p%C3%A0gina-principal\" target=\"_blank\" rel=\"noopener\"><img loading=\"lazy\" decoding=\"async\" class=\"aligncenter wp-image-5447\" src=\"https:\/\/agora.xtec.cat\/ceip-torre-llauder-mataro\/wp-content\/uploads\/usu1425\/2022\/06\/1-1024x576.jpg\" alt=\"\" width=\"318\" height=\"179\" srcset=\"https:\/\/agora.xtec.cat\/ceip-torre-llauder-mataro\/wp-content\/uploads\/usu1425\/2022\/06\/1-1024x576.jpg 1024w, https:\/\/agora.xtec.cat\/ceip-torre-llauder-mataro\/wp-content\/uploads\/usu1425\/2022\/06\/1-300x169.jpg 300w, https:\/\/agora.xtec.cat\/ceip-torre-llauder-mataro\/wp-content\/uploads\/usu1425\/2022\/06\/1-768x432.jpg 768w, https:\/\/agora.xtec.cat\/ceip-torre-llauder-mataro\/wp-content\/uploads\/usu1425\/2022\/06\/1-1536x864.jpg 1536w, https:\/\/agora.xtec.cat\/ceip-torre-llauder-mataro\/wp-content\/uploads\/usu1425\/2022\/06\/1.jpg 1920w\" sizes=\"auto, (max-width: 318px) 100vw, 318px\" \/><\/a><\/p>\n<div><\/div>\n<h6><strong>TOT@S ELS NOI@S DE 6\u00e8 HAN DE FER LA C\u00c0PSULA 0 (Em presento) + 2 C\u00c0PSULES A ESCOLLIR (De la 1 a la 11).<\/strong><\/h6>\n<h6><\/h6>\n<h6>Trobareu aquestes propostes al Sites <span style=\"text-decoration: underline;\"><a href=\"https:\/\/sites.google.com\/xtec.cat\/el-meu-insti-mes-meu-2023\/p%C3%A0gina-principal?pli=1\">EL MEU INSTI M\u00c9S MEU<\/a><\/span><\/h6>\n<h6><\/h6>\n<h6>Les 3 c\u00e0psules que desenvolupeu les heu de<strong>\u00a0guardar en una carpeta del Drive, en un USB o penjar-les directament al Drive de l&#8217;Institut.<\/strong><\/h6>\n<h6><\/h6>\n<h6><strong>Els primers dies del curs vinent dedicareu algunes sessions a presentar el treball elaborat durant aquest estiu<\/strong>, aix\u00ed que&#8230; Creativitat i imaginaci\u00f3 al poder!!!<\/h6>\n<h6><\/h6>\n<h6>Esperem que passeu molt bones vacances i desitgem que tingueu una bona entrada a la nova etapa!<\/h6>\n<h6><\/h6>\n<h6>Els vostres mestres<\/h6>\n<div><\/div>\n<div><a href=\"https:\/\/sites.google.com\/xtec.cat\/elmeuinstitutmeu\/p%C3%A0gina-principal\" target=\"_blank\" rel=\"noopener\"><img loading=\"lazy\" decoding=\"async\" class=\"aligncenter wp-image-5448\" src=\"https:\/\/agora.xtec.cat\/ceip-torre-llauder-mataro\/wp-content\/uploads\/usu1425\/2022\/06\/3-1024x576.jpg\" alt=\"\" width=\"475\" height=\"267\" srcset=\"https:\/\/agora.xtec.cat\/ceip-torre-llauder-mataro\/wp-content\/uploads\/usu1425\/2022\/06\/3-1024x576.jpg 1024w, https:\/\/agora.xtec.cat\/ceip-torre-llauder-mataro\/wp-content\/uploads\/usu1425\/2022\/06\/3-300x169.jpg 300w, https:\/\/agora.xtec.cat\/ceip-torre-llauder-mataro\/wp-content\/uploads\/usu1425\/2022\/06\/3-768x432.jpg 768w, https:\/\/agora.xtec.cat\/ceip-torre-llauder-mataro\/wp-content\/uploads\/usu1425\/2022\/06\/3-1536x864.jpg 1536w, https:\/\/agora.xtec.cat\/ceip-torre-llauder-mataro\/wp-content\/uploads\/usu1425\/2022\/06\/3.jpg 1920w\" sizes=\"auto, (max-width: 475px) 100vw, 475px\" \/><\/a><\/div>\n","protected":false},"excerpt":{"rendered":"<p><a href=\"https:\/\/sites.google.com\/xtec.cat\/elmeuinstitutmeu\/p%C3%A0gina-principal\" target=\"_blank\" rel=\"noopener\"><\/a><\/p>\n<p>TOT@S ELS NOI@S DE 6\u00e8 HAN DE FER LA C\u00c0PSULA 0 (Em presento) + 2 C\u00c0PSULES A ESCOLLIR (De la 1 a la 11).<\/p>\n<p>Trobareu aquestes propostes al Sites <a href=\"https:\/\/sites.google.com\/xtec.cat\/el-meu-insti-mes-meu-2023\/p%C3%A0gina-principal?pli=1\">EL MEU INSTI M\u00c9S MEU<\/a><\/p>\n<p>Les 3 c\u00e0psules que desenvolupeu les heu de\u00a0guardar en&hellip;  <a href=\"https:\/\/agora.xtec.cat\/ceip-torre-llauder-mataro\/general\/el-meu-insti-meu-2023\/\" title=\"Read EL MEU INSTI + MEU 2023\">Llegeix m\u00e9s\u00bb<\/a><\/p>\n","protected":false},"author":19,"featured_media":6077,"comment_status":"open","ping_status":"closed","sticky":false,"template":"","format":"standard","meta":{"_bbp_topic_count":0,"_bbp_reply_count":0,"_bbp_total_topic_count":0,"_bbp_total_reply_count":0,"_bbp_voice_count":0,"_bbp_anonymous_reply_count":0,"_bbp_topic_count_hidden":0,"_bbp_reply_count_hidden":0,"_bbp_forum_subforum_count":0,"footnotes":""},"categories":[1,4],"tags":[],"class_list":["post-6079","post","type-post","status-publish","format-standard","has-post-thumbnail","hentry","category-general","category-portada"],"post_mailing_queue_ids":[],"_links":{"self":[{"href":"https:\/\/agora.xtec.cat\/ceip-torre-llauder-mataro\/wp-json\/wp\/v2\/posts\/6079","targetHints":{"allow":["GET"]}}],"collection":[{"href":"https:\/\/agora.xtec.cat\/ceip-torre-llauder-mataro\/wp-json\/wp\/v2\/posts"}],"about":[{"href":"https:\/\/agora.xtec.cat\/ceip-torre-llauder-mataro\/wp-json\/wp\/v2\/types\/post"}],"author":[{"embeddable":true,"href":"https:\/\/agora.xtec.cat\/ceip-torre-llauder-mataro\/wp-json\/wp\/v2\/users\/19"}],"replies":[{"embeddable":true,"href":"https:\/\/agora.xtec.cat\/ceip-torre-llauder-mataro\/wp-json\/wp\/v2\/comments?post=6079"}],"version-history":[{"count":4,"href":"https:\/\/agora.xtec.cat\/ceip-torre-llauder-mataro\/wp-json\/wp\/v2\/posts\/6079\/revisions"}],"predecessor-version":[{"id":6086,"href":"https:\/\/agora.xtec.cat\/ceip-torre-llauder-mataro\/wp-json\/wp\/v2\/posts\/6079\/revisions\/6086"}],"wp:featuredmedia":[{"embeddable":true,"href":"https:\/\/agora.xtec.cat\/ceip-torre-llauder-mataro\/wp-json\/wp\/v2\/media\/6077"}],"wp:attachment":[{"href":"https:\/\/agora.xtec.cat\/ceip-torre-llauder-mataro\/wp-json\/wp\/v2\/media?parent=6079"}],"wp:term":[{"taxonomy":"category","embeddable":true,"href":"https:\/\/agora.xtec.cat\/ceip-torre-llauder-mataro\/wp-json\/wp\/v2\/categories?post=6079"},{"taxonomy":"post_tag","embeddable":true,"href":"https:\/\/agora.xtec.cat\/ceip-torre-llauder-mataro\/wp-json\/wp\/v2\/tags?post=6079"}],"curies":[{"name":"wp","href":"https:\/\/api.w.org\/{rel}","templated":true}]}}