{"id":6072,"date":"2023-06-19T20:38:11","date_gmt":"2023-06-19T18:38:11","guid":{"rendered":"https:\/\/agora.xtec.cat\/ceip-torre-llauder-mataro\/?p=6072"},"modified":"2023-06-19T20:39:00","modified_gmt":"2023-06-19T18:39:00","slug":"el-cos-huma-i-els-sentits","status":"publish","type":"post","link":"https:\/\/agora.xtec.cat\/ceip-torre-llauder-mataro\/general\/el-cos-huma-i-els-sentits\/","title":{"rendered":"EL COS HUM\u00c0 i ELS SENTITS (I5)"},"content":{"rendered":"<p>Portem una bona temporada fent activitats al voltant del cos hum\u00e0: com \u00e9s per fora? per dins? com funciona&#8230;? Hem apr\u00e9s un munt de coses i hem experimentat amb els 5 sentits que el cos ens ofereix!! Ha estat un treball molt interessant. <a href=\"https:\/\/photos.app.goo.gl\/Lu9uZhEmGcooFCxk9\">Treball del cos i els sentits<\/a><\/p>\n","protected":false},"excerpt":{"rendered":"<p>Portem una bona temporada fent activitats al voltant del cos hum\u00e0: com \u00e9s per fora? per dins? com funciona&#8230;? Hem apr\u00e9s un munt de coses i hem experimentat amb els 5 sentits que el cos ens ofereix!! Ha estat un treball molt interessant. <a href=\"https:\/\/photos.app.goo.gl\/Lu9uZhEmGcooFCxk9\">Treball&hellip;  <a href=\"https:\/\/agora.xtec.cat\/ceip-torre-llauder-mataro\/general\/el-cos-huma-i-els-sentits\/\" title=\"Read EL COS HUM\u00c0 i ELS SENTITS (I5)\">Llegeix m\u00e9s\u00bb<\/a><\/p>\n","protected":false},"author":21,"featured_media":0,"comment_status":"open","ping_status":"closed","sticky":false,"template":"","format":"standard","meta":{"_bbp_topic_count":0,"_bbp_reply_count":0,"_bbp_total_topic_count":0,"_bbp_total_reply_count":0,"_bbp_voice_count":0,"_bbp_anonymous_reply_count":0,"_bbp_topic_count_hidden":0,"_bbp_reply_count_hidden":0,"_bbp_forum_subforum_count":0,"footnotes":""},"categories":[1,8,2],"tags":[],"class_list":["post-6072","post","type-post","status-publish","format-standard","hentry","category-general","category-i5","category-infantil"],"post_mailing_queue_ids":[],"_links":{"self":[{"href":"https:\/\/agora.xtec.cat\/ceip-torre-llauder-mataro\/wp-json\/wp\/v2\/posts\/6072","targetHints":{"allow":["GET"]}}],"collection":[{"href":"https:\/\/agora.xtec.cat\/ceip-torre-llauder-mataro\/wp-json\/wp\/v2\/posts"}],"about":[{"href":"https:\/\/agora.xtec.cat\/ceip-torre-llauder-mataro\/wp-json\/wp\/v2\/types\/post"}],"author":[{"embeddable":true,"href":"https:\/\/agora.xtec.cat\/ceip-torre-llauder-mataro\/wp-json\/wp\/v2\/users\/21"}],"replies":[{"embeddable":true,"href":"https:\/\/agora.xtec.cat\/ceip-torre-llauder-mataro\/wp-json\/wp\/v2\/comments?post=6072"}],"version-history":[{"count":3,"href":"https:\/\/agora.xtec.cat\/ceip-torre-llauder-mataro\/wp-json\/wp\/v2\/posts\/6072\/revisions"}],"predecessor-version":[{"id":6084,"href":"https:\/\/agora.xtec.cat\/ceip-torre-llauder-mataro\/wp-json\/wp\/v2\/posts\/6072\/revisions\/6084"}],"wp:attachment":[{"href":"https:\/\/agora.xtec.cat\/ceip-torre-llauder-mataro\/wp-json\/wp\/v2\/media?parent=6072"}],"wp:term":[{"taxonomy":"category","embeddable":true,"href":"https:\/\/agora.xtec.cat\/ceip-torre-llauder-mataro\/wp-json\/wp\/v2\/categories?post=6072"},{"taxonomy":"post_tag","embeddable":true,"href":"https:\/\/agora.xtec.cat\/ceip-torre-llauder-mataro\/wp-json\/wp\/v2\/tags?post=6072"}],"curies":[{"name":"wp","href":"https:\/\/api.w.org\/{rel}","templated":true}]}}