{"id":6054,"date":"2023-05-31T16:55:16","date_gmt":"2023-05-31T14:55:16","guid":{"rendered":"https:\/\/agora.xtec.cat\/ceip-torre-llauder-mataro\/?p=6054"},"modified":"2023-06-01T00:12:33","modified_gmt":"2023-05-31T22:12:33","slug":"rukimon-2023","status":"publish","type":"post","link":"https:\/\/agora.xtec.cat\/ceip-torre-llauder-mataro\/general\/rukimon-2023\/","title":{"rendered":"RUKIMON 2023"},"content":{"rendered":"<p style=\"text-align: left;\">Fant\u00e0stic dia al <a href=\"https:\/\/photos.app.goo.gl\/5v13TAcBU5GBHscf7\" target=\"_blank\" rel=\"noopener\">RUKIMON<\/a> amb els alumnes d&#8217;I3, I4 i 1r. Tot i que ens ha caigut alguna goteta hem pogut gaudir de totes les activitats. Hem apr\u00e8s un munt de coses sobre els Rucs i qu\u00e8 cal fer per cuidar-los!! Ho hem fet tan b\u00e9 que ens han donat un carnet. Despr\u00e9s de dinar hem pogut gaudir d&#8217;una estona de joc lliure a la zona del Corredor! Ha estat un dia genial!<\/p>\n<p>&nbsp;<\/p>\n","protected":false},"excerpt":{"rendered":"<p>Fant\u00e0stic dia al <a href=\"https:\/\/photos.app.goo.gl\/5v13TAcBU5GBHscf7\" target=\"_blank\" rel=\"noopener\">RUKIMON<\/a> amb els alumnes d&#8217;I3, I4 i 1r. Tot i que ens ha caigut alguna goteta hem pogut gaudir de totes les activitats. Hem apr\u00e8s un munt de coses sobre els Rucs i qu\u00e8 cal fer per cuidar-los!! Ho&hellip;  <a href=\"https:\/\/agora.xtec.cat\/ceip-torre-llauder-mataro\/general\/rukimon-2023\/\" title=\"Read RUKIMON 2023\">Llegeix m\u00e9s\u00bb<\/a><\/p>\n","protected":false},"author":21,"featured_media":6056,"comment_status":"open","ping_status":"closed","sticky":false,"template":"","format":"standard","meta":{"_bbp_topic_count":0,"_bbp_reply_count":0,"_bbp_total_topic_count":0,"_bbp_total_reply_count":0,"_bbp_voice_count":0,"_bbp_anonymous_reply_count":0,"_bbp_topic_count_hidden":0,"_bbp_reply_count_hidden":0,"_bbp_forum_subforum_count":0,"footnotes":""},"categories":[9,1,83,3,2,4],"tags":[16],"class_list":["post-6054","post","type-post","status-publish","format-standard","has-post-thumbnail","hentry","category-1r","category-general","category-i3","category-i4","category-infantil","category-portada","tag-sortides"],"post_mailing_queue_ids":[],"_links":{"self":[{"href":"https:\/\/agora.xtec.cat\/ceip-torre-llauder-mataro\/wp-json\/wp\/v2\/posts\/6054","targetHints":{"allow":["GET"]}}],"collection":[{"href":"https:\/\/agora.xtec.cat\/ceip-torre-llauder-mataro\/wp-json\/wp\/v2\/posts"}],"about":[{"href":"https:\/\/agora.xtec.cat\/ceip-torre-llauder-mataro\/wp-json\/wp\/v2\/types\/post"}],"author":[{"embeddable":true,"href":"https:\/\/agora.xtec.cat\/ceip-torre-llauder-mataro\/wp-json\/wp\/v2\/users\/21"}],"replies":[{"embeddable":true,"href":"https:\/\/agora.xtec.cat\/ceip-torre-llauder-mataro\/wp-json\/wp\/v2\/comments?post=6054"}],"version-history":[{"count":2,"href":"https:\/\/agora.xtec.cat\/ceip-torre-llauder-mataro\/wp-json\/wp\/v2\/posts\/6054\/revisions"}],"predecessor-version":[{"id":6057,"href":"https:\/\/agora.xtec.cat\/ceip-torre-llauder-mataro\/wp-json\/wp\/v2\/posts\/6054\/revisions\/6057"}],"wp:featuredmedia":[{"embeddable":true,"href":"https:\/\/agora.xtec.cat\/ceip-torre-llauder-mataro\/wp-json\/wp\/v2\/media\/6056"}],"wp:attachment":[{"href":"https:\/\/agora.xtec.cat\/ceip-torre-llauder-mataro\/wp-json\/wp\/v2\/media?parent=6054"}],"wp:term":[{"taxonomy":"category","embeddable":true,"href":"https:\/\/agora.xtec.cat\/ceip-torre-llauder-mataro\/wp-json\/wp\/v2\/categories?post=6054"},{"taxonomy":"post_tag","embeddable":true,"href":"https:\/\/agora.xtec.cat\/ceip-torre-llauder-mataro\/wp-json\/wp\/v2\/tags?post=6054"}],"curies":[{"name":"wp","href":"https:\/\/api.w.org\/{rel}","templated":true}]}}