{"id":5999,"date":"2023-05-09T12:59:43","date_gmt":"2023-05-09T10:59:43","guid":{"rendered":"https:\/\/agora.xtec.cat\/ceip-torre-llauder-mataro\/?p=5999"},"modified":"2023-05-11T12:22:02","modified_gmt":"2023-05-11T10:22:02","slug":"marato-escolar-2023","status":"publish","type":"post","link":"https:\/\/agora.xtec.cat\/ceip-torre-llauder-mataro\/general\/marato-escolar-2023\/","title":{"rendered":"MARAT\u00d3 ESCOLAR 2023"},"content":{"rendered":"<p>Aquest passat dissabte dia 6 de maig, va tenir lloc la XXVIIa edici\u00f3 de la Marat\u00f3 Escolar i a continuaci\u00f3 us deixem un enlla\u00e7 amb les fotos dels nostres atletes!!!<\/p>\n<p style=\"text-align: center;\"><a href=\"https:\/\/photos.app.goo.gl\/XLzhp9CBffZSh7SU9\" target=\"_blank\" rel=\"noopener\"><strong>MARAT\u00d3 ESCOLAR<\/strong><\/a><\/p>\n<p><a href=\"https:\/\/photos.app.goo.gl\/XLzhp9CBffZSh7SU9\" target=\"_blank\" rel=\"noopener\"><img loading=\"lazy\" decoding=\"async\" class=\"aligncenter wp-image-6001 size-medium\" src=\"https:\/\/agora.xtec.cat\/ceip-torre-llauder-mataro\/wp-content\/uploads\/usu1425\/2023\/05\/Marato23-300x250.jpg\" alt=\"\" width=\"300\" height=\"250\" \/><\/a><\/p>\n","protected":false},"excerpt":{"rendered":"<p>Aquest passat dissabte dia 6 de maig, va tenir lloc la XXVIIa edici\u00f3 de la Marat\u00f3 Escolar i a continuaci\u00f3 us deixem un enlla\u00e7 amb les fotos dels nostres atletes!!!<br \/>\n<a href=\"https:\/\/photos.app.goo.gl\/XLzhp9CBffZSh7SU9\" target=\"_blank\" rel=\"noopener\">MARAT\u00d3 ESCOLAR<\/a><br \/>\n<a href=\"https:\/\/photos.app.goo.gl\/XLzhp9CBffZSh7SU9\" target=\"_blank\" rel=\"noopener\"><\/a><\/p>\n","protected":false},"author":24,"featured_media":6001,"comment_status":"open","ping_status":"closed","sticky":false,"template":"","format":"standard","meta":{"_bbp_topic_count":0,"_bbp_reply_count":0,"_bbp_total_topic_count":0,"_bbp_total_reply_count":0,"_bbp_voice_count":0,"_bbp_anonymous_reply_count":0,"_bbp_topic_count_hidden":0,"_bbp_reply_count_hidden":0,"_bbp_forum_subforum_count":0,"footnotes":""},"categories":[1,4],"tags":[],"class_list":["post-5999","post","type-post","status-publish","format-standard","has-post-thumbnail","hentry","category-general","category-portada"],"post_mailing_queue_ids":[],"_links":{"self":[{"href":"https:\/\/agora.xtec.cat\/ceip-torre-llauder-mataro\/wp-json\/wp\/v2\/posts\/5999","targetHints":{"allow":["GET"]}}],"collection":[{"href":"https:\/\/agora.xtec.cat\/ceip-torre-llauder-mataro\/wp-json\/wp\/v2\/posts"}],"about":[{"href":"https:\/\/agora.xtec.cat\/ceip-torre-llauder-mataro\/wp-json\/wp\/v2\/types\/post"}],"author":[{"embeddable":true,"href":"https:\/\/agora.xtec.cat\/ceip-torre-llauder-mataro\/wp-json\/wp\/v2\/users\/24"}],"replies":[{"embeddable":true,"href":"https:\/\/agora.xtec.cat\/ceip-torre-llauder-mataro\/wp-json\/wp\/v2\/comments?post=5999"}],"version-history":[{"count":3,"href":"https:\/\/agora.xtec.cat\/ceip-torre-llauder-mataro\/wp-json\/wp\/v2\/posts\/5999\/revisions"}],"predecessor-version":[{"id":6011,"href":"https:\/\/agora.xtec.cat\/ceip-torre-llauder-mataro\/wp-json\/wp\/v2\/posts\/5999\/revisions\/6011"}],"wp:featuredmedia":[{"embeddable":true,"href":"https:\/\/agora.xtec.cat\/ceip-torre-llauder-mataro\/wp-json\/wp\/v2\/media\/6001"}],"wp:attachment":[{"href":"https:\/\/agora.xtec.cat\/ceip-torre-llauder-mataro\/wp-json\/wp\/v2\/media?parent=5999"}],"wp:term":[{"taxonomy":"category","embeddable":true,"href":"https:\/\/agora.xtec.cat\/ceip-torre-llauder-mataro\/wp-json\/wp\/v2\/categories?post=5999"},{"taxonomy":"post_tag","embeddable":true,"href":"https:\/\/agora.xtec.cat\/ceip-torre-llauder-mataro\/wp-json\/wp\/v2\/tags?post=5999"}],"curies":[{"name":"wp","href":"https:\/\/api.w.org\/{rel}","templated":true}]}}