{"id":5994,"date":"2023-05-05T11:21:20","date_gmt":"2023-05-05T09:21:20","guid":{"rendered":"https:\/\/agora.xtec.cat\/ceip-torre-llauder-mataro\/?p=5994"},"modified":"2023-05-05T11:21:20","modified_gmt":"2023-05-05T09:21:20","slug":"crispetes-i4","status":"publish","type":"post","link":"https:\/\/agora.xtec.cat\/ceip-torre-llauder-mataro\/infantil\/crispetes-i4\/","title":{"rendered":"Crispetes I4"},"content":{"rendered":"<p>Avui al mat\u00ed hem dut a terme una sessi\u00f3 d&#8217;experimentaci\u00f3 molt entretinguda! Hem vist d&#8217;on surtien les crispetes&#8230;.i no&#8230;. No surten del microones!! \ud83d\ude05<\/p>\n<p>Hem conegut el blat de moro, l&#8217;hem tocat, l&#8217;hem tastat, hem vist la planta com era&#8230;<\/p>\n<p>La sessi\u00f3 l&#8217;ha dinamitzat la Merc\u00e8 de Prim\u00e0ria.<\/p>\n<p>Moltes gr\u00e0cies de part de les diablesses \ud83e\udd70<\/p>\n<p><a href=\"https:\/\/photos.app.goo.gl\/jAqFvKmCijvbN1NDA\">Fotos crispetes<\/a><\/p>\n","protected":false},"excerpt":{"rendered":"<p>Avui al mat\u00ed hem dut a terme una sessi\u00f3 d&#8217;experimentaci\u00f3 molt entretinguda! Hem vist d&#8217;on surtien les crispetes&#8230;.i no&#8230;. No surten del microones!! \ud83d\ude05<br \/>\nHem conegut el blat de moro, l&#8217;hem tocat, l&#8217;hem tastat, hem vist la planta com era&#8230;<br \/>\nLa sessi\u00f3 l&#8217;ha dinamitzat la Merc\u00e8 de&hellip;  <a href=\"https:\/\/agora.xtec.cat\/ceip-torre-llauder-mataro\/infantil\/crispetes-i4\/\" title=\"Read Crispetes I4\">Llegeix m\u00e9s\u00bb<\/a><\/p>\n","protected":false},"author":10,"featured_media":0,"comment_status":"open","ping_status":"closed","sticky":false,"template":"","format":"standard","meta":{"_bbp_topic_count":0,"_bbp_reply_count":0,"_bbp_total_topic_count":0,"_bbp_total_reply_count":0,"_bbp_voice_count":0,"_bbp_anonymous_reply_count":0,"_bbp_topic_count_hidden":0,"_bbp_reply_count_hidden":0,"_bbp_forum_subforum_count":0,"footnotes":""},"categories":[3,2],"tags":[],"class_list":["post-5994","post","type-post","status-publish","format-standard","hentry","category-i4","category-infantil"],"post_mailing_queue_ids":[],"_links":{"self":[{"href":"https:\/\/agora.xtec.cat\/ceip-torre-llauder-mataro\/wp-json\/wp\/v2\/posts\/5994","targetHints":{"allow":["GET"]}}],"collection":[{"href":"https:\/\/agora.xtec.cat\/ceip-torre-llauder-mataro\/wp-json\/wp\/v2\/posts"}],"about":[{"href":"https:\/\/agora.xtec.cat\/ceip-torre-llauder-mataro\/wp-json\/wp\/v2\/types\/post"}],"author":[{"embeddable":true,"href":"https:\/\/agora.xtec.cat\/ceip-torre-llauder-mataro\/wp-json\/wp\/v2\/users\/10"}],"replies":[{"embeddable":true,"href":"https:\/\/agora.xtec.cat\/ceip-torre-llauder-mataro\/wp-json\/wp\/v2\/comments?post=5994"}],"version-history":[{"count":1,"href":"https:\/\/agora.xtec.cat\/ceip-torre-llauder-mataro\/wp-json\/wp\/v2\/posts\/5994\/revisions"}],"predecessor-version":[{"id":5995,"href":"https:\/\/agora.xtec.cat\/ceip-torre-llauder-mataro\/wp-json\/wp\/v2\/posts\/5994\/revisions\/5995"}],"wp:attachment":[{"href":"https:\/\/agora.xtec.cat\/ceip-torre-llauder-mataro\/wp-json\/wp\/v2\/media?parent=5994"}],"wp:term":[{"taxonomy":"category","embeddable":true,"href":"https:\/\/agora.xtec.cat\/ceip-torre-llauder-mataro\/wp-json\/wp\/v2\/categories?post=5994"},{"taxonomy":"post_tag","embeddable":true,"href":"https:\/\/agora.xtec.cat\/ceip-torre-llauder-mataro\/wp-json\/wp\/v2\/tags?post=5994"}],"curies":[{"name":"wp","href":"https:\/\/api.w.org\/{rel}","templated":true}]}}