{"id":5909,"date":"2023-03-27T22:02:52","date_gmt":"2023-03-27T20:02:52","guid":{"rendered":"https:\/\/agora.xtec.cat\/ceip-torre-llauder-mataro\/?p=5909"},"modified":"2023-03-28T10:26:50","modified_gmt":"2023-03-28T08:26:50","slug":"families-i-oficis-a-i3","status":"publish","type":"post","link":"https:\/\/agora.xtec.cat\/ceip-torre-llauder-mataro\/infantil\/families-i-oficis-a-i3\/","title":{"rendered":"Families i oficis a I3."},"content":{"rendered":"<p>Durant aquests dies moltes de les fam\u00edlies d&#8217;I3, heu anat passant per l&#8217;aula per tal d&#8217;explicar-nos els vostres oficis. Ha estat una activitat molt enriquidora per les gegantes i per les mestres, ens ho hem passat molt b\u00e9 i alhora tamb\u00e9 hem apr\u00e9s moltes coses, ara ja en sabem m\u00e9s de vosaltres!<\/p>\n<p>Us agra\u00efm molt\u00edssim la vostra participaci\u00f3 i implicaci\u00f3 en aquesta tasca.<\/p>\n<p>Encara ens queden algunes fam\u00edlies, qu\u00e8 ens tindran preparat?&#8230;<\/p>\n<p>A continuaci\u00f3 trobareu algunes fotos:<\/p>\n<p><a href=\"https:\/\/photos.app.goo.gl\/hvqemDJi1GD3V7w88\">Fotos oficis<\/a><\/p>\n","protected":false},"excerpt":{"rendered":"<p>Durant aquests dies moltes de les fam\u00edlies d&#8217;I3, heu anat passant per l&#8217;aula per tal d&#8217;explicar-nos els vostres oficis. Ha estat una activitat molt enriquidora per les gegantes i per les mestres, ens ho hem passat molt b\u00e9 i alhora tamb\u00e9 hem apr\u00e9s moltes coses,&hellip;  <a href=\"https:\/\/agora.xtec.cat\/ceip-torre-llauder-mataro\/infantil\/families-i-oficis-a-i3\/\" title=\"Read Families i oficis a I3.\">Llegeix m\u00e9s\u00bb<\/a><\/p>\n","protected":false},"author":43,"featured_media":0,"comment_status":"open","ping_status":"closed","sticky":false,"template":"","format":"standard","meta":{"_bbp_topic_count":0,"_bbp_reply_count":0,"_bbp_total_topic_count":0,"_bbp_total_reply_count":0,"_bbp_voice_count":0,"_bbp_anonymous_reply_count":0,"_bbp_topic_count_hidden":0,"_bbp_reply_count_hidden":0,"_bbp_forum_subforum_count":0,"footnotes":""},"categories":[83,2],"tags":[],"class_list":["post-5909","post","type-post","status-publish","format-standard","hentry","category-i3","category-infantil"],"post_mailing_queue_ids":[],"_links":{"self":[{"href":"https:\/\/agora.xtec.cat\/ceip-torre-llauder-mataro\/wp-json\/wp\/v2\/posts\/5909","targetHints":{"allow":["GET"]}}],"collection":[{"href":"https:\/\/agora.xtec.cat\/ceip-torre-llauder-mataro\/wp-json\/wp\/v2\/posts"}],"about":[{"href":"https:\/\/agora.xtec.cat\/ceip-torre-llauder-mataro\/wp-json\/wp\/v2\/types\/post"}],"author":[{"embeddable":true,"href":"https:\/\/agora.xtec.cat\/ceip-torre-llauder-mataro\/wp-json\/wp\/v2\/users\/43"}],"replies":[{"embeddable":true,"href":"https:\/\/agora.xtec.cat\/ceip-torre-llauder-mataro\/wp-json\/wp\/v2\/comments?post=5909"}],"version-history":[{"count":3,"href":"https:\/\/agora.xtec.cat\/ceip-torre-llauder-mataro\/wp-json\/wp\/v2\/posts\/5909\/revisions"}],"predecessor-version":[{"id":5913,"href":"https:\/\/agora.xtec.cat\/ceip-torre-llauder-mataro\/wp-json\/wp\/v2\/posts\/5909\/revisions\/5913"}],"wp:attachment":[{"href":"https:\/\/agora.xtec.cat\/ceip-torre-llauder-mataro\/wp-json\/wp\/v2\/media?parent=5909"}],"wp:term":[{"taxonomy":"category","embeddable":true,"href":"https:\/\/agora.xtec.cat\/ceip-torre-llauder-mataro\/wp-json\/wp\/v2\/categories?post=5909"},{"taxonomy":"post_tag","embeddable":true,"href":"https:\/\/agora.xtec.cat\/ceip-torre-llauder-mataro\/wp-json\/wp\/v2\/tags?post=5909"}],"curies":[{"name":"wp","href":"https:\/\/api.w.org\/{rel}","templated":true}]}}