{"id":5907,"date":"2023-03-21T14:06:54","date_gmt":"2023-03-21T13:06:54","guid":{"rendered":"https:\/\/agora.xtec.cat\/ceip-torre-llauder-mataro\/?p=5907"},"modified":"2023-03-21T14:06:54","modified_gmt":"2023-03-21T13:06:54","slug":"la-primavera-ja-es-aqui","status":"publish","type":"post","link":"https:\/\/agora.xtec.cat\/ceip-torre-llauder-mataro\/infantil\/la-primavera-ja-es-aqui\/","title":{"rendered":"La primavera ja \u00e9s aqu\u00ed!!"},"content":{"rendered":"<p>Hem aprofitat aquest bon temps per sortir al pati a fer observaci\u00f3 directe de les pruneres que tenim, i hem vist que ja han florit!!!! Hem fet hip\u00f2tesi sobre que passar\u00e0 amb aquestes flors i amb els dies ho anirem comprovant. De moment avui les hem pogut dibuixar amb aquestes floretes i han quedat ben boniques!<\/p>\n<p>Mireu aqu\u00ed les fotos de les <a href=\"https:\/\/photos.app.goo.gl\/ry21caurhnJ12JhH7\">pruneres del pati florides<\/a><\/p>\n","protected":false},"excerpt":{"rendered":"<p>Hem aprofitat aquest bon temps per sortir al pati a fer observaci\u00f3 directe de les pruneres que tenim, i hem vist que ja han florit!!!! Hem fet hip\u00f2tesi sobre que passar\u00e0 amb aquestes flors i amb els dies ho anirem comprovant. De moment avui les&hellip;  <a href=\"https:\/\/agora.xtec.cat\/ceip-torre-llauder-mataro\/infantil\/la-primavera-ja-es-aqui\/\" title=\"Read La primavera ja \u00e9s aqu\u00ed!!\">Llegeix m\u00e9s\u00bb<\/a><\/p>\n","protected":false},"author":21,"featured_media":0,"comment_status":"open","ping_status":"closed","sticky":false,"template":"","format":"standard","meta":{"_bbp_topic_count":0,"_bbp_reply_count":0,"_bbp_total_topic_count":0,"_bbp_total_reply_count":0,"_bbp_voice_count":0,"_bbp_anonymous_reply_count":0,"_bbp_topic_count_hidden":0,"_bbp_reply_count_hidden":0,"_bbp_forum_subforum_count":0,"footnotes":""},"categories":[8,2],"tags":[],"class_list":["post-5907","post","type-post","status-publish","format-standard","hentry","category-i5","category-infantil"],"post_mailing_queue_ids":[],"_links":{"self":[{"href":"https:\/\/agora.xtec.cat\/ceip-torre-llauder-mataro\/wp-json\/wp\/v2\/posts\/5907","targetHints":{"allow":["GET"]}}],"collection":[{"href":"https:\/\/agora.xtec.cat\/ceip-torre-llauder-mataro\/wp-json\/wp\/v2\/posts"}],"about":[{"href":"https:\/\/agora.xtec.cat\/ceip-torre-llauder-mataro\/wp-json\/wp\/v2\/types\/post"}],"author":[{"embeddable":true,"href":"https:\/\/agora.xtec.cat\/ceip-torre-llauder-mataro\/wp-json\/wp\/v2\/users\/21"}],"replies":[{"embeddable":true,"href":"https:\/\/agora.xtec.cat\/ceip-torre-llauder-mataro\/wp-json\/wp\/v2\/comments?post=5907"}],"version-history":[{"count":1,"href":"https:\/\/agora.xtec.cat\/ceip-torre-llauder-mataro\/wp-json\/wp\/v2\/posts\/5907\/revisions"}],"predecessor-version":[{"id":5908,"href":"https:\/\/agora.xtec.cat\/ceip-torre-llauder-mataro\/wp-json\/wp\/v2\/posts\/5907\/revisions\/5908"}],"wp:attachment":[{"href":"https:\/\/agora.xtec.cat\/ceip-torre-llauder-mataro\/wp-json\/wp\/v2\/media?parent=5907"}],"wp:term":[{"taxonomy":"category","embeddable":true,"href":"https:\/\/agora.xtec.cat\/ceip-torre-llauder-mataro\/wp-json\/wp\/v2\/categories?post=5907"},{"taxonomy":"post_tag","embeddable":true,"href":"https:\/\/agora.xtec.cat\/ceip-torre-llauder-mataro\/wp-json\/wp\/v2\/tags?post=5907"}],"curies":[{"name":"wp","href":"https:\/\/api.w.org\/{rel}","templated":true}]}}