{"id":5904,"date":"2023-03-21T10:41:43","date_gmt":"2023-03-21T09:41:43","guid":{"rendered":"https:\/\/agora.xtec.cat\/ceip-torre-llauder-mataro\/?p=5904"},"modified":"2023-03-28T10:55:58","modified_gmt":"2023-03-28T08:55:58","slug":"cicle-mitja-visita-can-parcala-2","status":"publish","type":"post","link":"https:\/\/agora.xtec.cat\/ceip-torre-llauder-mataro\/general\/cicle-mitja-visita-can-parcala-2\/","title":{"rendered":"CICLE MITJ\u00c0 VISITA CAN PARCALA"},"content":{"rendered":"<p>L&#8217;alumnat de cicle mitj\u00e0 hem apr\u00e8s un munt de coses sobre apicultura a Can Parcala. Ens ho hem passat d\u2019all\u00f2 m\u00e9s b\u00e9.<\/p>\n<p>Cliqueu la imatge per veure totes les fotografies d\u2019aquesta fant\u00e0stica sortida.<\/p>\n<p><a href=\"https:\/\/photos.app.goo.gl\/549Z9dZX5A2uvmCY9\" target=\"_blank\" rel=\"noopener\"><img loading=\"lazy\" decoding=\"async\" class=\"alignleft wp-image-5905\" src=\"https:\/\/agora.xtec.cat\/ceip-torre-llauder-mataro\/wp-content\/uploads\/usu1425\/2023\/03\/IMG_0106-1024x768.jpg\" alt=\"\" width=\"220\" height=\"165\" srcset=\"https:\/\/agora.xtec.cat\/ceip-torre-llauder-mataro\/wp-content\/uploads\/usu1425\/2023\/03\/IMG_0106-1024x768.jpg 1024w, https:\/\/agora.xtec.cat\/ceip-torre-llauder-mataro\/wp-content\/uploads\/usu1425\/2023\/03\/IMG_0106-300x225.jpg 300w, https:\/\/agora.xtec.cat\/ceip-torre-llauder-mataro\/wp-content\/uploads\/usu1425\/2023\/03\/IMG_0106-768x576.jpg 768w, https:\/\/agora.xtec.cat\/ceip-torre-llauder-mataro\/wp-content\/uploads\/usu1425\/2023\/03\/IMG_0106-1536x1152.jpg 1536w, https:\/\/agora.xtec.cat\/ceip-torre-llauder-mataro\/wp-content\/uploads\/usu1425\/2023\/03\/IMG_0106-2048x1536.jpg 2048w, https:\/\/agora.xtec.cat\/ceip-torre-llauder-mataro\/wp-content\/uploads\/usu1425\/2023\/03\/IMG_0106-200x150.jpg 200w\" sizes=\"auto, (max-width: 220px) 100vw, 220px\" \/><\/a><\/p>\n","protected":false},"excerpt":{"rendered":"<p>L&#8217;alumnat de cicle mitj\u00e0 hem apr\u00e8s un munt de coses sobre apicultura a Can Parcala. Ens ho hem passat d\u2019all\u00f2 m\u00e9s b\u00e9.<br \/>\nCliqueu la imatge per veure totes les fotografies d\u2019aquesta fant\u00e0stica sortida.<br \/>\n<a href=\"https:\/\/photos.app.goo.gl\/549Z9dZX5A2uvmCY9\" target=\"_blank\" rel=\"noopener\"><\/a><\/p>\n","protected":false},"author":3,"featured_media":5905,"comment_status":"open","ping_status":"closed","sticky":false,"template":"","format":"standard","meta":{"_bbp_topic_count":0,"_bbp_reply_count":0,"_bbp_total_topic_count":0,"_bbp_total_reply_count":0,"_bbp_voice_count":0,"_bbp_anonymous_reply_count":0,"_bbp_topic_count_hidden":0,"_bbp_reply_count_hidden":0,"_bbp_forum_subforum_count":0,"footnotes":""},"categories":[11,12,1,4,5],"tags":[93,16],"class_list":["post-5904","post","type-post","status-publish","format-standard","has-post-thumbnail","hentry","category-3r","category-4t","category-general","category-portada","category-primaria","tag-medi-social-i-natural","tag-sortides"],"post_mailing_queue_ids":[],"_links":{"self":[{"href":"https:\/\/agora.xtec.cat\/ceip-torre-llauder-mataro\/wp-json\/wp\/v2\/posts\/5904","targetHints":{"allow":["GET"]}}],"collection":[{"href":"https:\/\/agora.xtec.cat\/ceip-torre-llauder-mataro\/wp-json\/wp\/v2\/posts"}],"about":[{"href":"https:\/\/agora.xtec.cat\/ceip-torre-llauder-mataro\/wp-json\/wp\/v2\/types\/post"}],"author":[{"embeddable":true,"href":"https:\/\/agora.xtec.cat\/ceip-torre-llauder-mataro\/wp-json\/wp\/v2\/users\/3"}],"replies":[{"embeddable":true,"href":"https:\/\/agora.xtec.cat\/ceip-torre-llauder-mataro\/wp-json\/wp\/v2\/comments?post=5904"}],"version-history":[{"count":1,"href":"https:\/\/agora.xtec.cat\/ceip-torre-llauder-mataro\/wp-json\/wp\/v2\/posts\/5904\/revisions"}],"predecessor-version":[{"id":5906,"href":"https:\/\/agora.xtec.cat\/ceip-torre-llauder-mataro\/wp-json\/wp\/v2\/posts\/5904\/revisions\/5906"}],"wp:featuredmedia":[{"embeddable":true,"href":"https:\/\/agora.xtec.cat\/ceip-torre-llauder-mataro\/wp-json\/wp\/v2\/media\/5905"}],"wp:attachment":[{"href":"https:\/\/agora.xtec.cat\/ceip-torre-llauder-mataro\/wp-json\/wp\/v2\/media?parent=5904"}],"wp:term":[{"taxonomy":"category","embeddable":true,"href":"https:\/\/agora.xtec.cat\/ceip-torre-llauder-mataro\/wp-json\/wp\/v2\/categories?post=5904"},{"taxonomy":"post_tag","embeddable":true,"href":"https:\/\/agora.xtec.cat\/ceip-torre-llauder-mataro\/wp-json\/wp\/v2\/tags?post=5904"}],"curies":[{"name":"wp","href":"https:\/\/api.w.org\/{rel}","templated":true}]}}