{"id":5866,"date":"2023-03-08T10:47:44","date_gmt":"2023-03-08T09:47:44","guid":{"rendered":"https:\/\/agora.xtec.cat\/ceip-torre-llauder-mataro\/?p=5866"},"modified":"2023-03-08T10:47:44","modified_gmt":"2023-03-08T09:47:44","slug":"taula-de-llum-a-i3","status":"publish","type":"post","link":"https:\/\/agora.xtec.cat\/ceip-torre-llauder-mataro\/infantil\/taula-de-llum-a-i3\/","title":{"rendered":"Taula de llum a I3"},"content":{"rendered":"<p>Els nens i nenes de I3 hem fet servir les taules de llum i aix\u00ed hem pogut treballar els colors, les formes geom\u00e8triques, seriacions, mides, n\u00fameros&#8230; un munt de continguts gaudint molt d&#8217;aquest material tan motivador!!<\/p>\n<p><a href=\"https:\/\/photos.app.goo.gl\/ZEy2fq5FXMgHAHh88\">Fotos llum<\/a><\/p>\n","protected":false},"excerpt":{"rendered":"<p>Els nens i nenes de I3 hem fet servir les taules de llum i aix\u00ed hem pogut treballar els colors, les formes geom\u00e8triques, seriacions, mides, n\u00fameros&#8230; un munt de continguts gaudint molt d&#8217;aquest material tan motivador!!<br \/>\n<a href=\"https:\/\/photos.app.goo.gl\/ZEy2fq5FXMgHAHh88\">Fotos llum<\/a><\/p>\n","protected":false},"author":12,"featured_media":0,"comment_status":"open","ping_status":"closed","sticky":false,"template":"","format":"standard","meta":{"_bbp_topic_count":0,"_bbp_reply_count":0,"_bbp_total_topic_count":0,"_bbp_total_reply_count":0,"_bbp_voice_count":0,"_bbp_anonymous_reply_count":0,"_bbp_topic_count_hidden":0,"_bbp_reply_count_hidden":0,"_bbp_forum_subforum_count":0,"footnotes":""},"categories":[83,2],"tags":[],"class_list":["post-5866","post","type-post","status-publish","format-standard","hentry","category-i3","category-infantil"],"post_mailing_queue_ids":[],"_links":{"self":[{"href":"https:\/\/agora.xtec.cat\/ceip-torre-llauder-mataro\/wp-json\/wp\/v2\/posts\/5866","targetHints":{"allow":["GET"]}}],"collection":[{"href":"https:\/\/agora.xtec.cat\/ceip-torre-llauder-mataro\/wp-json\/wp\/v2\/posts"}],"about":[{"href":"https:\/\/agora.xtec.cat\/ceip-torre-llauder-mataro\/wp-json\/wp\/v2\/types\/post"}],"author":[{"embeddable":true,"href":"https:\/\/agora.xtec.cat\/ceip-torre-llauder-mataro\/wp-json\/wp\/v2\/users\/12"}],"replies":[{"embeddable":true,"href":"https:\/\/agora.xtec.cat\/ceip-torre-llauder-mataro\/wp-json\/wp\/v2\/comments?post=5866"}],"version-history":[{"count":1,"href":"https:\/\/agora.xtec.cat\/ceip-torre-llauder-mataro\/wp-json\/wp\/v2\/posts\/5866\/revisions"}],"predecessor-version":[{"id":5867,"href":"https:\/\/agora.xtec.cat\/ceip-torre-llauder-mataro\/wp-json\/wp\/v2\/posts\/5866\/revisions\/5867"}],"wp:attachment":[{"href":"https:\/\/agora.xtec.cat\/ceip-torre-llauder-mataro\/wp-json\/wp\/v2\/media?parent=5866"}],"wp:term":[{"taxonomy":"category","embeddable":true,"href":"https:\/\/agora.xtec.cat\/ceip-torre-llauder-mataro\/wp-json\/wp\/v2\/categories?post=5866"},{"taxonomy":"post_tag","embeddable":true,"href":"https:\/\/agora.xtec.cat\/ceip-torre-llauder-mataro\/wp-json\/wp\/v2\/tags?post=5866"}],"curies":[{"name":"wp","href":"https:\/\/api.w.org\/{rel}","templated":true}]}}