{"id":5809,"date":"2023-02-14T11:27:51","date_gmt":"2023-02-14T10:27:51","guid":{"rendered":"https:\/\/agora.xtec.cat\/ceip-torre-llauder-mataro\/?p=5809"},"modified":"2023-02-14T23:45:06","modified_gmt":"2023-02-14T22:45:06","slug":"nous-tallers-de-plastica-a-e-i","status":"publish","type":"post","link":"https:\/\/agora.xtec.cat\/ceip-torre-llauder-mataro\/infantil\/nous-tallers-de-plastica-a-e-i\/","title":{"rendered":"NOUS TALLERS DE PL\u00c0STICA A E.I"},"content":{"rendered":"<p style=\"text-align: left;\">Han arribat els Tallers de pl\u00e0stica del segon trimestre: on confegim cares, fem m\u00e0scares, pintem mandales en un paper molt especial, surt l&#8217;Arc de Sant Mart\u00ed i fins i tot, brillen focs artificials!!! Durant tot aquest trimetstre practicarem la psicomotricitat fina i la coordinaci\u00f3 m\u00e0-ull, concretament exercitarem la presici\u00f3, la t\u00e8cnica del collage, enganxar i punxar, modelar xurros i estampar pintura, tot aix\u00f2 deixant anar la nostra creativitat. Mireu aqu\u00ed les fotos dels <a href=\"https:\/\/photos.app.goo.gl\/5cnHRD7aDtC8Du7F7\">Tallers Internivells de Pl\u00e0stica<\/a><\/p>\n","protected":false},"excerpt":{"rendered":"<p>Han arribat els Tallers de pl\u00e0stica del segon trimestre: on confegim cares, fem m\u00e0scares, pintem mandales en un paper molt especial, surt l&#8217;Arc de Sant Mart\u00ed i fins i tot, brillen focs artificials!!! Durant tot aquest trimetstre practicarem la psicomotricitat fina i la coordinaci\u00f3 m\u00e0-ull,&hellip;  <a href=\"https:\/\/agora.xtec.cat\/ceip-torre-llauder-mataro\/infantil\/nous-tallers-de-plastica-a-e-i\/\" title=\"Read NOUS TALLERS DE PL\u00c0STICA A E.I\">Llegeix m\u00e9s\u00bb<\/a><\/p>\n","protected":false},"author":21,"featured_media":0,"comment_status":"open","ping_status":"closed","sticky":false,"template":"","format":"standard","meta":{"_bbp_topic_count":0,"_bbp_reply_count":0,"_bbp_total_topic_count":0,"_bbp_total_reply_count":0,"_bbp_voice_count":0,"_bbp_anonymous_reply_count":0,"_bbp_topic_count_hidden":0,"_bbp_reply_count_hidden":0,"_bbp_forum_subforum_count":0,"footnotes":""},"categories":[83,3,8,2],"tags":[],"class_list":["post-5809","post","type-post","status-publish","format-standard","hentry","category-i3","category-i4","category-i5","category-infantil"],"post_mailing_queue_ids":[],"_links":{"self":[{"href":"https:\/\/agora.xtec.cat\/ceip-torre-llauder-mataro\/wp-json\/wp\/v2\/posts\/5809","targetHints":{"allow":["GET"]}}],"collection":[{"href":"https:\/\/agora.xtec.cat\/ceip-torre-llauder-mataro\/wp-json\/wp\/v2\/posts"}],"about":[{"href":"https:\/\/agora.xtec.cat\/ceip-torre-llauder-mataro\/wp-json\/wp\/v2\/types\/post"}],"author":[{"embeddable":true,"href":"https:\/\/agora.xtec.cat\/ceip-torre-llauder-mataro\/wp-json\/wp\/v2\/users\/21"}],"replies":[{"embeddable":true,"href":"https:\/\/agora.xtec.cat\/ceip-torre-llauder-mataro\/wp-json\/wp\/v2\/comments?post=5809"}],"version-history":[{"count":2,"href":"https:\/\/agora.xtec.cat\/ceip-torre-llauder-mataro\/wp-json\/wp\/v2\/posts\/5809\/revisions"}],"predecessor-version":[{"id":5811,"href":"https:\/\/agora.xtec.cat\/ceip-torre-llauder-mataro\/wp-json\/wp\/v2\/posts\/5809\/revisions\/5811"}],"wp:attachment":[{"href":"https:\/\/agora.xtec.cat\/ceip-torre-llauder-mataro\/wp-json\/wp\/v2\/media?parent=5809"}],"wp:term":[{"taxonomy":"category","embeddable":true,"href":"https:\/\/agora.xtec.cat\/ceip-torre-llauder-mataro\/wp-json\/wp\/v2\/categories?post=5809"},{"taxonomy":"post_tag","embeddable":true,"href":"https:\/\/agora.xtec.cat\/ceip-torre-llauder-mataro\/wp-json\/wp\/v2\/tags?post=5809"}],"curies":[{"name":"wp","href":"https:\/\/api.w.org\/{rel}","templated":true}]}}