{"id":5799,"date":"2023-02-10T17:00:35","date_gmt":"2023-02-10T16:00:35","guid":{"rendered":"https:\/\/agora.xtec.cat\/ceip-torre-llauder-mataro\/?p=5799"},"modified":"2023-04-01T21:04:06","modified_gmt":"2023-04-01T19:04:06","slug":"5e-visita-el-poble-espanyol-2","status":"publish","type":"post","link":"https:\/\/agora.xtec.cat\/ceip-torre-llauder-mataro\/general\/5e-visita-el-poble-espanyol-2\/","title":{"rendered":"5\u00e8 visita el Poble Espanyol"},"content":{"rendered":"<p>Avui 10 de febrer l\u2019alumnat de 5\u00e8 hem visitat el Poble Espanyol a Barcelona.<\/p>\n<p>El Poble Espanyol neix el 1929 amb la voluntat de concentrar l\u2019\u00e0nima d\u2019Espanya en un sol espai. Avui dia, la majoria de les seves construccions es mantenen intactes i reprodueixen, a escala real, edificis, places i carrers de diverses zones de l\u2019Estat.<\/p>\n<p>Nosaltres hem fet una ruta d\u2019orientaci\u00f3 per con\u00e8ixer la varietat cultural i art\u00edstica de les diferents comunitats aut\u00f2nomes.<\/p>\n<p>Cliqueu la imatge per veure totes les fotografies d&#8217;aquesta sortida.<\/p>\n<p><a href=\"https:\/\/photos.app.goo.gl\/oiaYpS2Ntqfa8YBj9\" target=\"_blank\" rel=\"noopener\"><img loading=\"lazy\" decoding=\"async\" class=\"alignleft wp-image-5800\" src=\"https:\/\/agora.xtec.cat\/ceip-torre-llauder-mataro\/wp-content\/uploads\/usu1425\/2023\/02\/poble-espanyol-1024x576.jpeg\" alt=\"\" width=\"403\" height=\"227\" srcset=\"https:\/\/agora.xtec.cat\/ceip-torre-llauder-mataro\/wp-content\/uploads\/usu1425\/2023\/02\/poble-espanyol-1024x576.jpeg 1024w, https:\/\/agora.xtec.cat\/ceip-torre-llauder-mataro\/wp-content\/uploads\/usu1425\/2023\/02\/poble-espanyol-300x169.jpeg 300w, https:\/\/agora.xtec.cat\/ceip-torre-llauder-mataro\/wp-content\/uploads\/usu1425\/2023\/02\/poble-espanyol-768x432.jpeg 768w, https:\/\/agora.xtec.cat\/ceip-torre-llauder-mataro\/wp-content\/uploads\/usu1425\/2023\/02\/poble-espanyol-1536x864.jpeg 1536w, https:\/\/agora.xtec.cat\/ceip-torre-llauder-mataro\/wp-content\/uploads\/usu1425\/2023\/02\/poble-espanyol.jpeg 1920w\" sizes=\"auto, (max-width: 403px) 100vw, 403px\" \/><\/a><\/p>\n","protected":false},"excerpt":{"rendered":"<p>Avui 10 de febrer l\u2019alumnat de 5\u00e8 hem visitat el Poble Espanyol a Barcelona.<br \/>\nEl Poble Espanyol neix el 1929 amb la voluntat de concentrar l\u2019\u00e0nima d\u2019Espanya en un sol espai. Avui dia, la majoria de les seves construccions es mantenen intactes i reprodueixen, a escala&hellip;  <a href=\"https:\/\/agora.xtec.cat\/ceip-torre-llauder-mataro\/general\/5e-visita-el-poble-espanyol-2\/\" title=\"Read 5\u00e8 visita el Poble Espanyol\">Llegeix m\u00e9s\u00bb<\/a><\/p>\n","protected":false},"author":37,"featured_media":5800,"comment_status":"open","ping_status":"closed","sticky":false,"template":"","format":"standard","meta":{"_bbp_topic_count":0,"_bbp_reply_count":0,"_bbp_total_topic_count":0,"_bbp_total_reply_count":0,"_bbp_voice_count":0,"_bbp_anonymous_reply_count":0,"_bbp_topic_count_hidden":0,"_bbp_reply_count_hidden":0,"_bbp_forum_subforum_count":0,"footnotes":""},"categories":[13,1,4,5],"tags":[107,16],"class_list":["post-5799","post","type-post","status-publish","format-standard","has-post-thumbnail","hentry","category-5e","category-general","category-portada","category-primaria","tag-5e","tag-sortides"],"post_mailing_queue_ids":[],"_links":{"self":[{"href":"https:\/\/agora.xtec.cat\/ceip-torre-llauder-mataro\/wp-json\/wp\/v2\/posts\/5799","targetHints":{"allow":["GET"]}}],"collection":[{"href":"https:\/\/agora.xtec.cat\/ceip-torre-llauder-mataro\/wp-json\/wp\/v2\/posts"}],"about":[{"href":"https:\/\/agora.xtec.cat\/ceip-torre-llauder-mataro\/wp-json\/wp\/v2\/types\/post"}],"author":[{"embeddable":true,"href":"https:\/\/agora.xtec.cat\/ceip-torre-llauder-mataro\/wp-json\/wp\/v2\/users\/37"}],"replies":[{"embeddable":true,"href":"https:\/\/agora.xtec.cat\/ceip-torre-llauder-mataro\/wp-json\/wp\/v2\/comments?post=5799"}],"version-history":[{"count":2,"href":"https:\/\/agora.xtec.cat\/ceip-torre-llauder-mataro\/wp-json\/wp\/v2\/posts\/5799\/revisions"}],"predecessor-version":[{"id":5802,"href":"https:\/\/agora.xtec.cat\/ceip-torre-llauder-mataro\/wp-json\/wp\/v2\/posts\/5799\/revisions\/5802"}],"wp:featuredmedia":[{"embeddable":true,"href":"https:\/\/agora.xtec.cat\/ceip-torre-llauder-mataro\/wp-json\/wp\/v2\/media\/5800"}],"wp:attachment":[{"href":"https:\/\/agora.xtec.cat\/ceip-torre-llauder-mataro\/wp-json\/wp\/v2\/media?parent=5799"}],"wp:term":[{"taxonomy":"category","embeddable":true,"href":"https:\/\/agora.xtec.cat\/ceip-torre-llauder-mataro\/wp-json\/wp\/v2\/categories?post=5799"},{"taxonomy":"post_tag","embeddable":true,"href":"https:\/\/agora.xtec.cat\/ceip-torre-llauder-mataro\/wp-json\/wp\/v2\/tags?post=5799"}],"curies":[{"name":"wp","href":"https:\/\/api.w.org\/{rel}","templated":true}]}}