{"id":5791,"date":"2023-02-09T17:31:09","date_gmt":"2023-02-09T16:31:09","guid":{"rendered":"https:\/\/agora.xtec.cat\/ceip-torre-llauder-mataro\/?p=5791"},"modified":"2023-04-13T09:59:18","modified_gmt":"2023-04-13T07:59:18","slug":"escalada","status":"publish","type":"post","link":"https:\/\/agora.xtec.cat\/ceip-torre-llauder-mataro\/general\/escalada\/","title":{"rendered":"6\u00e8 FA ESCALADA"},"content":{"rendered":"<p>Els <strong>alumnes de 6\u00e8<\/strong>, aquest dimecres dia 8 de febrer van anar al <strong>&#8220;Bulder Planet&#8221;<\/strong> de Matar\u00f3, a con\u00e8ixer una modalitat d&#8217;<strong>escalada<\/strong> m\u00e9s propera i f\u00e0cil de practicar per a tothom.<\/p>\n<p>Aquesta activitat sorpr\u00e8n i agrada molt als alumnes, ja que\u00a0 comproven que tenen habilitats d&#8217;escaladors\/es que no sabien!!!!<\/p>\n<p>Cliqueu el logo del B\u00falder Planet per veure totes les fotografies.<\/p>\n<p><a href=\"https:\/\/photos.app.goo.gl\/QE8895xsf2FinHyR6\" target=\"_blank\" rel=\"noopener\"><img loading=\"lazy\" decoding=\"async\" class=\"alignleft wp-image-5804 size-full\" src=\"https:\/\/agora.xtec.cat\/ceip-torre-llauder-mataro\/wp-content\/uploads\/usu1425\/2023\/02\/foto_calmespai_fisioterapia_podologia_logo-Bulder-Planet.png\" alt=\"\" width=\"210\" height=\"210\" srcset=\"https:\/\/agora.xtec.cat\/ceip-torre-llauder-mataro\/wp-content\/uploads\/usu1425\/2023\/02\/foto_calmespai_fisioterapia_podologia_logo-Bulder-Planet.png 210w, https:\/\/agora.xtec.cat\/ceip-torre-llauder-mataro\/wp-content\/uploads\/usu1425\/2023\/02\/foto_calmespai_fisioterapia_podologia_logo-Bulder-Planet-150x150.png 150w\" sizes=\"auto, (max-width: 210px) 100vw, 210px\" \/><\/a><\/p>\n<p>&nbsp;<\/p>\n<p>&nbsp;<\/p>\n<p>&nbsp;<\/p>\n<p>&nbsp;<\/p>\n<p>&nbsp;<\/p>\n","protected":false},"excerpt":{"rendered":"<p>Els alumnes de 6\u00e8, aquest dimecres dia 8 de febrer van anar al &#8220;Bulder Planet&#8221; de Matar\u00f3, a con\u00e8ixer una modalitat d&#8217;escalada m\u00e9s propera i f\u00e0cil de practicar per a tothom.<br \/>\nAquesta activitat sorpr\u00e8n i agrada molt als alumnes, ja que\u00a0 comproven que tenen habilitats d&#8217;escaladors\/es&hellip;  <a href=\"https:\/\/agora.xtec.cat\/ceip-torre-llauder-mataro\/general\/escalada\/\" title=\"Read 6\u00e8 FA ESCALADA\">Llegeix m\u00e9s\u00bb<\/a><\/p>\n","protected":false},"author":24,"featured_media":5804,"comment_status":"open","ping_status":"closed","sticky":false,"template":"","format":"standard","meta":{"_bbp_topic_count":0,"_bbp_reply_count":0,"_bbp_total_topic_count":0,"_bbp_total_reply_count":0,"_bbp_voice_count":0,"_bbp_anonymous_reply_count":0,"_bbp_topic_count_hidden":0,"_bbp_reply_count_hidden":0,"_bbp_forum_subforum_count":0,"footnotes":""},"categories":[14,1,4],"tags":[141,92,16],"class_list":["post-5791","post","type-post","status-publish","format-standard","has-post-thumbnail","hentry","category-6e","category-general","category-portada","tag-6e","tag-educacio-fisica","tag-sortides"],"post_mailing_queue_ids":[],"_links":{"self":[{"href":"https:\/\/agora.xtec.cat\/ceip-torre-llauder-mataro\/wp-json\/wp\/v2\/posts\/5791","targetHints":{"allow":["GET"]}}],"collection":[{"href":"https:\/\/agora.xtec.cat\/ceip-torre-llauder-mataro\/wp-json\/wp\/v2\/posts"}],"about":[{"href":"https:\/\/agora.xtec.cat\/ceip-torre-llauder-mataro\/wp-json\/wp\/v2\/types\/post"}],"author":[{"embeddable":true,"href":"https:\/\/agora.xtec.cat\/ceip-torre-llauder-mataro\/wp-json\/wp\/v2\/users\/24"}],"replies":[{"embeddable":true,"href":"https:\/\/agora.xtec.cat\/ceip-torre-llauder-mataro\/wp-json\/wp\/v2\/comments?post=5791"}],"version-history":[{"count":4,"href":"https:\/\/agora.xtec.cat\/ceip-torre-llauder-mataro\/wp-json\/wp\/v2\/posts\/5791\/revisions"}],"predecessor-version":[{"id":5807,"href":"https:\/\/agora.xtec.cat\/ceip-torre-llauder-mataro\/wp-json\/wp\/v2\/posts\/5791\/revisions\/5807"}],"wp:featuredmedia":[{"embeddable":true,"href":"https:\/\/agora.xtec.cat\/ceip-torre-llauder-mataro\/wp-json\/wp\/v2\/media\/5804"}],"wp:attachment":[{"href":"https:\/\/agora.xtec.cat\/ceip-torre-llauder-mataro\/wp-json\/wp\/v2\/media?parent=5791"}],"wp:term":[{"taxonomy":"category","embeddable":true,"href":"https:\/\/agora.xtec.cat\/ceip-torre-llauder-mataro\/wp-json\/wp\/v2\/categories?post=5791"},{"taxonomy":"post_tag","embeddable":true,"href":"https:\/\/agora.xtec.cat\/ceip-torre-llauder-mataro\/wp-json\/wp\/v2\/tags?post=5791"}],"curies":[{"name":"wp","href":"https:\/\/api.w.org\/{rel}","templated":true}]}}