{"id":5749,"date":"2023-01-30T17:14:40","date_gmt":"2023-01-30T16:14:40","guid":{"rendered":"https:\/\/agora.xtec.cat\/ceip-torre-llauder-mataro\/?p=5749"},"modified":"2024-01-30T16:35:01","modified_gmt":"2024-01-30T15:35:01","slug":"denip-3","status":"publish","type":"post","link":"https:\/\/agora.xtec.cat\/ceip-torre-llauder-mataro\/general\/denip-3\/","title":{"rendered":"DENIP"},"content":{"rendered":"<p>Avui, 30 de gener, celebrem el <strong>Dia Escolar de la No-Viol\u00e8ncia i la Pau<\/strong> (DENIP).<\/p>\n<p>Hem comen\u00e7at el dia al pati de l&#8217;escola, fent, entre tot@s el s\u00edmbol de la Pau, recordant l&#8217;aniversari de la mort de Mahatma Gandhi, el conte que hem treballat a les aules <strong>&#8220;Un m\u00f3n meravell\u00f3s&#8221;<\/strong> i reflexionant sobre la import\u00e0ncia de poder viure en llibertat.<\/p>\n<p><img loading=\"lazy\" decoding=\"async\" class=\"alignnone wp-image-5750 size-large\" src=\"https:\/\/agora.xtec.cat\/ceip-torre-llauder-mataro\/wp-content\/uploads\/usu1425\/2023\/01\/WhatsApp-Image-2023-01-30-at-09.21.16-4-1024x766.jpeg\" alt=\"\" width=\"1024\" height=\"766\" srcset=\"https:\/\/agora.xtec.cat\/ceip-torre-llauder-mataro\/wp-content\/uploads\/usu1425\/2023\/01\/WhatsApp-Image-2023-01-30-at-09.21.16-4-1024x766.jpeg 1024w, https:\/\/agora.xtec.cat\/ceip-torre-llauder-mataro\/wp-content\/uploads\/usu1425\/2023\/01\/WhatsApp-Image-2023-01-30-at-09.21.16-4-300x224.jpeg 300w, https:\/\/agora.xtec.cat\/ceip-torre-llauder-mataro\/wp-content\/uploads\/usu1425\/2023\/01\/WhatsApp-Image-2023-01-30-at-09.21.16-4-768x574.jpeg 768w, https:\/\/agora.xtec.cat\/ceip-torre-llauder-mataro\/wp-content\/uploads\/usu1425\/2023\/01\/WhatsApp-Image-2023-01-30-at-09.21.16-4-1536x1149.jpeg 1536w, https:\/\/agora.xtec.cat\/ceip-torre-llauder-mataro\/wp-content\/uploads\/usu1425\/2023\/01\/WhatsApp-Image-2023-01-30-at-09.21.16-4-200x150.jpeg 200w, https:\/\/agora.xtec.cat\/ceip-torre-llauder-mataro\/wp-content\/uploads\/usu1425\/2023\/01\/WhatsApp-Image-2023-01-30-at-09.21.16-4.jpeg 2000w\" sizes=\"auto, (max-width: 1024px) 100vw, 1024px\" \/><\/p>\n<p>Durant el mat\u00ed hem decorat l&#8217;arbre del vest\u00edbul amb <strong>missatges de pau<\/strong> que hem escrit en equips cooperatius i, entre tot@s, hem definit qu\u00e8 necessitem per aconseguir\u00a0<strong>UN M\u00d3N MERAVELL\u00d3S&#8230;<\/strong><\/p>\n<p><img loading=\"lazy\" decoding=\"async\" class=\"alignnone wp-image-5752 size-large\" src=\"https:\/\/agora.xtec.cat\/ceip-torre-llauder-mataro\/wp-content\/uploads\/usu1425\/2023\/01\/WhatsApp-Image-2023-01-30-at-10.39.29-1-1024x766.jpeg\" alt=\"\" width=\"1024\" height=\"766\" srcset=\"https:\/\/agora.xtec.cat\/ceip-torre-llauder-mataro\/wp-content\/uploads\/usu1425\/2023\/01\/WhatsApp-Image-2023-01-30-at-10.39.29-1-1024x766.jpeg 1024w, https:\/\/agora.xtec.cat\/ceip-torre-llauder-mataro\/wp-content\/uploads\/usu1425\/2023\/01\/WhatsApp-Image-2023-01-30-at-10.39.29-1-300x224.jpeg 300w, https:\/\/agora.xtec.cat\/ceip-torre-llauder-mataro\/wp-content\/uploads\/usu1425\/2023\/01\/WhatsApp-Image-2023-01-30-at-10.39.29-1-768x574.jpeg 768w, https:\/\/agora.xtec.cat\/ceip-torre-llauder-mataro\/wp-content\/uploads\/usu1425\/2023\/01\/WhatsApp-Image-2023-01-30-at-10.39.29-1-1536x1149.jpeg 1536w, https:\/\/agora.xtec.cat\/ceip-torre-llauder-mataro\/wp-content\/uploads\/usu1425\/2023\/01\/WhatsApp-Image-2023-01-30-at-10.39.29-1-200x150.jpeg 200w, https:\/\/agora.xtec.cat\/ceip-torre-llauder-mataro\/wp-content\/uploads\/usu1425\/2023\/01\/WhatsApp-Image-2023-01-30-at-10.39.29-1.jpeg 2000w\" sizes=\"auto, (max-width: 1024px) 100vw, 1024px\" \/><\/p>\n<p>A, m\u00e9s a m\u00e9s, els nois i noies de 5\u00e8 han participat a la <strong>CURSA SOLID\u00c0RIA<\/strong> que ha organitzat l&#8217;escola Cam\u00ed del Mig.<\/p>\n<p><img loading=\"lazy\" decoding=\"async\" class=\"aligncenter\" src=\"https:\/\/lh3.googleusercontent.com\/pw\/AMWts8DE-Na3j5tHqsxQJxu1ngIWbs1pftQSOY_fCPIdaUrjs-w4vxVgL6PAlvEZvEJCjf7QX2JJzuCfEh3GRzpf_z71xYF-X42XzFVZkwZu5eZJe7h0ERFofawMKAdWdk0hgQoRUzCtdylH-FGurjGAZkGB=w686-h914-no?authuser=0\" alt=\"\" width=\"642\" height=\"855\" \/><\/p>\n<p>Aqu\u00ed podeu veure les fotografies de la celebaraci\u00f3 del <a href=\"https:\/\/photos.app.goo.gl\/ziuhZWxRzt3zXYan6\" target=\"_blank\" rel=\"noopener\"><strong>DENIP<\/strong><\/a><\/p>\n","protected":false},"excerpt":{"rendered":"<p>Avui, 30 de gener, celebrem el Dia Escolar de la No-Viol\u00e8ncia i la Pau (DENIP).<br \/>\nHem comen\u00e7at el dia al pati de l&#8217;escola, fent, entre tot@s el s\u00edmbol de la Pau, recordant l&#8217;aniversari de la mort de Mahatma Gandhi, el conte que hem treballat a les&hellip;  <a href=\"https:\/\/agora.xtec.cat\/ceip-torre-llauder-mataro\/general\/denip-3\/\" title=\"Read DENIP\">Llegeix m\u00e9s\u00bb<\/a><\/p>\n","protected":false},"author":19,"featured_media":5750,"comment_status":"open","ping_status":"closed","sticky":false,"template":"","format":"standard","meta":{"_bbp_topic_count":0,"_bbp_reply_count":0,"_bbp_total_topic_count":0,"_bbp_total_reply_count":0,"_bbp_voice_count":0,"_bbp_anonymous_reply_count":0,"_bbp_topic_count_hidden":0,"_bbp_reply_count_hidden":0,"_bbp_forum_subforum_count":0,"footnotes":""},"categories":[1,4],"tags":[108],"class_list":["post-5749","post","type-post","status-publish","format-standard","has-post-thumbnail","hentry","category-general","category-portada","tag-denip"],"post_mailing_queue_ids":[],"_links":{"self":[{"href":"https:\/\/agora.xtec.cat\/ceip-torre-llauder-mataro\/wp-json\/wp\/v2\/posts\/5749","targetHints":{"allow":["GET"]}}],"collection":[{"href":"https:\/\/agora.xtec.cat\/ceip-torre-llauder-mataro\/wp-json\/wp\/v2\/posts"}],"about":[{"href":"https:\/\/agora.xtec.cat\/ceip-torre-llauder-mataro\/wp-json\/wp\/v2\/types\/post"}],"author":[{"embeddable":true,"href":"https:\/\/agora.xtec.cat\/ceip-torre-llauder-mataro\/wp-json\/wp\/v2\/users\/19"}],"replies":[{"embeddable":true,"href":"https:\/\/agora.xtec.cat\/ceip-torre-llauder-mataro\/wp-json\/wp\/v2\/comments?post=5749"}],"version-history":[{"count":4,"href":"https:\/\/agora.xtec.cat\/ceip-torre-llauder-mataro\/wp-json\/wp\/v2\/posts\/5749\/revisions"}],"predecessor-version":[{"id":6368,"href":"https:\/\/agora.xtec.cat\/ceip-torre-llauder-mataro\/wp-json\/wp\/v2\/posts\/5749\/revisions\/6368"}],"wp:featuredmedia":[{"embeddable":true,"href":"https:\/\/agora.xtec.cat\/ceip-torre-llauder-mataro\/wp-json\/wp\/v2\/media\/5750"}],"wp:attachment":[{"href":"https:\/\/agora.xtec.cat\/ceip-torre-llauder-mataro\/wp-json\/wp\/v2\/media?parent=5749"}],"wp:term":[{"taxonomy":"category","embeddable":true,"href":"https:\/\/agora.xtec.cat\/ceip-torre-llauder-mataro\/wp-json\/wp\/v2\/categories?post=5749"},{"taxonomy":"post_tag","embeddable":true,"href":"https:\/\/agora.xtec.cat\/ceip-torre-llauder-mataro\/wp-json\/wp\/v2\/tags?post=5749"}],"curies":[{"name":"wp","href":"https:\/\/api.w.org\/{rel}","templated":true}]}}