{"id":5743,"date":"2023-01-29T12:47:59","date_gmt":"2023-01-29T11:47:59","guid":{"rendered":"https:\/\/agora.xtec.cat\/ceip-torre-llauder-mataro\/?p=5743"},"modified":"2024-11-19T16:33:10","modified_gmt":"2024-11-19T15:33:10","slug":"recomanacio-duna-lectura-per-cicle-superior","status":"publish","type":"post","link":"https:\/\/agora.xtec.cat\/ceip-torre-llauder-mataro\/general\/recomanacio-duna-lectura-per-cicle-superior\/","title":{"rendered":"Recomanaci\u00f3 d&#8217;una lectura per a Cicle Superior"},"content":{"rendered":"<p>La Metta del curs de 6\u00e8A, ens recomana una lectura que li va agradar molt i vol compartir la seva opini\u00f3 amb tots vosaltres. Clica la imatge per a escoltar-la.<\/p>\n<table class=\" aligncenter\" style=\"height: 355px; width: 85.3158%; border-collapse: collapse; border-style: hidden;\">\n<tbody>\n<tr>\n<td style=\"width: 19.6822%;\"><img loading=\"lazy\" decoding=\"async\" class=\"alignnone\" src=\"http:\/\/3.bp.blogspot.com\/-hJ-FateBMsE\/UoksAxV0-8I\/AAAAAAAAABM\/VRjXBguzAq8\/s1600\/El+castillo+de+los+guerreros+sin+cabeza.JPG\" alt=\"Cu\u00e9ntame el cuento\" width=\"214\" height=\"325\" \/><\/p>\n<p>&nbsp;<\/td>\n<td style=\"width: 69.1932%;\"><a href=\"https:\/\/www.youtube.com\/shorts\/B_UV0NvzmGk\" target=\"_blank\" rel=\"noopener\"><img loading=\"lazy\" decoding=\"async\" class=\"wp-image-5762 alignleft\" style=\"border: none; color: #2795b6;\" src=\"https:\/\/agora.xtec.cat\/ceip-torre-llauder-mataro\/wp-content\/uploads\/usu1425\/2023\/01\/mettavideo.jpg\" alt=\"\" width=\"206\" height=\"310\" \/><\/a><\/td>\n<\/tr>\n<\/tbody>\n<\/table>\n<p>&nbsp;<\/p>\n<p>&nbsp;<\/p>\n<p>&nbsp;<\/p>\n","protected":false},"excerpt":{"rendered":"<p>La Metta del curs de 6\u00e8A, ens recomana una lectura que li va agradar molt i vol compartir la seva opini\u00f3 amb tots vosaltres. Clica la imatge per a escoltar-la.<\/p>\n<p>&nbsp;<br \/>\n<a href=\"https:\/\/www.youtube.com\/shorts\/B_UV0NvzmGk\" target=\"_blank\" rel=\"noopener\"><\/a><\/p>\n<p>&nbsp;<br \/>\n&nbsp;<br \/>\n&nbsp;<\/p>\n","protected":false},"author":24,"featured_media":0,"comment_status":"open","ping_status":"closed","sticky":false,"template":"","format":"standard","meta":{"_bbp_topic_count":0,"_bbp_reply_count":0,"_bbp_total_topic_count":0,"_bbp_total_reply_count":0,"_bbp_voice_count":0,"_bbp_anonymous_reply_count":0,"_bbp_topic_count_hidden":0,"_bbp_reply_count_hidden":0,"_bbp_forum_subforum_count":0,"footnotes":""},"categories":[154,1,4],"tags":[95],"class_list":["post-5743","post","type-post","status-publish","format-standard","hentry","category-biblioteca","category-general","category-portada","tag-biblioteca-boleret"],"post_mailing_queue_ids":[],"_links":{"self":[{"href":"https:\/\/agora.xtec.cat\/ceip-torre-llauder-mataro\/wp-json\/wp\/v2\/posts\/5743","targetHints":{"allow":["GET"]}}],"collection":[{"href":"https:\/\/agora.xtec.cat\/ceip-torre-llauder-mataro\/wp-json\/wp\/v2\/posts"}],"about":[{"href":"https:\/\/agora.xtec.cat\/ceip-torre-llauder-mataro\/wp-json\/wp\/v2\/types\/post"}],"author":[{"embeddable":true,"href":"https:\/\/agora.xtec.cat\/ceip-torre-llauder-mataro\/wp-json\/wp\/v2\/users\/24"}],"replies":[{"embeddable":true,"href":"https:\/\/agora.xtec.cat\/ceip-torre-llauder-mataro\/wp-json\/wp\/v2\/comments?post=5743"}],"version-history":[{"count":5,"href":"https:\/\/agora.xtec.cat\/ceip-torre-llauder-mataro\/wp-json\/wp\/v2\/posts\/5743\/revisions"}],"predecessor-version":[{"id":5778,"href":"https:\/\/agora.xtec.cat\/ceip-torre-llauder-mataro\/wp-json\/wp\/v2\/posts\/5743\/revisions\/5778"}],"wp:attachment":[{"href":"https:\/\/agora.xtec.cat\/ceip-torre-llauder-mataro\/wp-json\/wp\/v2\/media?parent=5743"}],"wp:term":[{"taxonomy":"category","embeddable":true,"href":"https:\/\/agora.xtec.cat\/ceip-torre-llauder-mataro\/wp-json\/wp\/v2\/categories?post=5743"},{"taxonomy":"post_tag","embeddable":true,"href":"https:\/\/agora.xtec.cat\/ceip-torre-llauder-mataro\/wp-json\/wp\/v2\/tags?post=5743"}],"curies":[{"name":"wp","href":"https:\/\/api.w.org\/{rel}","templated":true}]}}