{"id":5741,"date":"2023-01-27T19:44:09","date_gmt":"2023-01-27T18:44:09","guid":{"rendered":"https:\/\/agora.xtec.cat\/ceip-torre-llauder-mataro\/?p=5741"},"modified":"2023-01-27T19:44:09","modified_gmt":"2023-01-27T18:44:09","slug":"i5-va-a-ca-larenas","status":"publish","type":"post","link":"https:\/\/agora.xtec.cat\/ceip-torre-llauder-mataro\/infantil\/i5-va-a-ca-larenas\/","title":{"rendered":"I5 va a Ca l&#8217;Arenas"},"content":{"rendered":"<p>Visitem el museu de Ca l&#8217;Arenas de Matar\u00f3 on ens han fet una proposta art\u00edstica per a confegir una onada meravellosa i plena de tresors, que si la obrim b\u00e9 sona com les onades del mar de veritat!!! Abans de crear la nostra onada ens han explicat un conte molt bon bonic on el mar i una nena eren els protagonistes, i despr\u00e9s hem pogut jugar una bona estona amb tresors del mar. <a href=\"https:\/\/photos.app.goo.gl\/SKJybngLeFkCDNRQ6\">Fotos del taller a Ca l&#8217;Arenas.<\/a><\/p>\n","protected":false},"excerpt":{"rendered":"<p>Visitem el museu de Ca l&#8217;Arenas de Matar\u00f3 on ens han fet una proposta art\u00edstica per a confegir una onada meravellosa i plena de tresors, que si la obrim b\u00e9 sona com les onades del mar de veritat!!! Abans de crear la nostra onada ens&hellip;  <a href=\"https:\/\/agora.xtec.cat\/ceip-torre-llauder-mataro\/infantil\/i5-va-a-ca-larenas\/\" title=\"Read I5 va a Ca l&#8217;Arenas\">Llegeix m\u00e9s\u00bb<\/a><\/p>\n","protected":false},"author":21,"featured_media":0,"comment_status":"open","ping_status":"closed","sticky":false,"template":"","format":"standard","meta":{"_bbp_topic_count":0,"_bbp_reply_count":0,"_bbp_total_topic_count":0,"_bbp_total_reply_count":0,"_bbp_voice_count":0,"_bbp_anonymous_reply_count":0,"_bbp_topic_count_hidden":0,"_bbp_reply_count_hidden":0,"_bbp_forum_subforum_count":0,"footnotes":""},"categories":[8,2],"tags":[],"class_list":["post-5741","post","type-post","status-publish","format-standard","hentry","category-i5","category-infantil"],"post_mailing_queue_ids":[],"_links":{"self":[{"href":"https:\/\/agora.xtec.cat\/ceip-torre-llauder-mataro\/wp-json\/wp\/v2\/posts\/5741","targetHints":{"allow":["GET"]}}],"collection":[{"href":"https:\/\/agora.xtec.cat\/ceip-torre-llauder-mataro\/wp-json\/wp\/v2\/posts"}],"about":[{"href":"https:\/\/agora.xtec.cat\/ceip-torre-llauder-mataro\/wp-json\/wp\/v2\/types\/post"}],"author":[{"embeddable":true,"href":"https:\/\/agora.xtec.cat\/ceip-torre-llauder-mataro\/wp-json\/wp\/v2\/users\/21"}],"replies":[{"embeddable":true,"href":"https:\/\/agora.xtec.cat\/ceip-torre-llauder-mataro\/wp-json\/wp\/v2\/comments?post=5741"}],"version-history":[{"count":1,"href":"https:\/\/agora.xtec.cat\/ceip-torre-llauder-mataro\/wp-json\/wp\/v2\/posts\/5741\/revisions"}],"predecessor-version":[{"id":5742,"href":"https:\/\/agora.xtec.cat\/ceip-torre-llauder-mataro\/wp-json\/wp\/v2\/posts\/5741\/revisions\/5742"}],"wp:attachment":[{"href":"https:\/\/agora.xtec.cat\/ceip-torre-llauder-mataro\/wp-json\/wp\/v2\/media?parent=5741"}],"wp:term":[{"taxonomy":"category","embeddable":true,"href":"https:\/\/agora.xtec.cat\/ceip-torre-llauder-mataro\/wp-json\/wp\/v2\/categories?post=5741"},{"taxonomy":"post_tag","embeddable":true,"href":"https:\/\/agora.xtec.cat\/ceip-torre-llauder-mataro\/wp-json\/wp\/v2\/tags?post=5741"}],"curies":[{"name":"wp","href":"https:\/\/api.w.org\/{rel}","templated":true}]}}