{"id":5725,"date":"2023-01-26T11:51:23","date_gmt":"2023-01-26T10:51:23","guid":{"rendered":"https:\/\/agora.xtec.cat\/ceip-torre-llauder-mataro\/?p=5725"},"modified":"2023-01-26T11:51:23","modified_gmt":"2023-01-26T10:51:23","slug":"juguem-a-fer-numeros-a-p4","status":"publish","type":"post","link":"https:\/\/agora.xtec.cat\/ceip-torre-llauder-mataro\/infantil\/juguem-a-fer-numeros-a-p4\/","title":{"rendered":"Juguem a fer n\u00fameros a P4"},"content":{"rendered":"<p>La classe de les Diablesses fem n\u00fameros tot experimentant amb diferents materials. Llencem un dau i fem el tra\u00e7 del n\u00famero, a la pizarra, amb cacau, amb pintura i\/o amb plastilina. Realment ha estat molt entretingut!!<\/p>\n<p><a href=\"https:\/\/photos.app.goo.gl\/9G3415aR54h21fyz9\">Fotos n\u00fameros<\/a><\/p>\n","protected":false},"excerpt":{"rendered":"<p>La classe de les Diablesses fem n\u00fameros tot experimentant amb diferents materials. Llencem un dau i fem el tra\u00e7 del n\u00famero, a la pizarra, amb cacau, amb pintura i\/o amb plastilina. Realment ha estat molt entretingut!!<br \/>\n<a href=\"https:\/\/photos.app.goo.gl\/9G3415aR54h21fyz9\">Fotos n\u00fameros<\/a><\/p>\n","protected":false},"author":12,"featured_media":0,"comment_status":"open","ping_status":"closed","sticky":false,"template":"","format":"standard","meta":{"_bbp_topic_count":0,"_bbp_reply_count":0,"_bbp_total_topic_count":0,"_bbp_total_reply_count":0,"_bbp_voice_count":0,"_bbp_anonymous_reply_count":0,"_bbp_topic_count_hidden":0,"_bbp_reply_count_hidden":0,"_bbp_forum_subforum_count":0,"footnotes":""},"categories":[3,2],"tags":[],"class_list":["post-5725","post","type-post","status-publish","format-standard","hentry","category-i4","category-infantil"],"post_mailing_queue_ids":[],"_links":{"self":[{"href":"https:\/\/agora.xtec.cat\/ceip-torre-llauder-mataro\/wp-json\/wp\/v2\/posts\/5725","targetHints":{"allow":["GET"]}}],"collection":[{"href":"https:\/\/agora.xtec.cat\/ceip-torre-llauder-mataro\/wp-json\/wp\/v2\/posts"}],"about":[{"href":"https:\/\/agora.xtec.cat\/ceip-torre-llauder-mataro\/wp-json\/wp\/v2\/types\/post"}],"author":[{"embeddable":true,"href":"https:\/\/agora.xtec.cat\/ceip-torre-llauder-mataro\/wp-json\/wp\/v2\/users\/12"}],"replies":[{"embeddable":true,"href":"https:\/\/agora.xtec.cat\/ceip-torre-llauder-mataro\/wp-json\/wp\/v2\/comments?post=5725"}],"version-history":[{"count":1,"href":"https:\/\/agora.xtec.cat\/ceip-torre-llauder-mataro\/wp-json\/wp\/v2\/posts\/5725\/revisions"}],"predecessor-version":[{"id":5726,"href":"https:\/\/agora.xtec.cat\/ceip-torre-llauder-mataro\/wp-json\/wp\/v2\/posts\/5725\/revisions\/5726"}],"wp:attachment":[{"href":"https:\/\/agora.xtec.cat\/ceip-torre-llauder-mataro\/wp-json\/wp\/v2\/media?parent=5725"}],"wp:term":[{"taxonomy":"category","embeddable":true,"href":"https:\/\/agora.xtec.cat\/ceip-torre-llauder-mataro\/wp-json\/wp\/v2\/categories?post=5725"},{"taxonomy":"post_tag","embeddable":true,"href":"https:\/\/agora.xtec.cat\/ceip-torre-llauder-mataro\/wp-json\/wp\/v2\/tags?post=5725"}],"curies":[{"name":"wp","href":"https:\/\/api.w.org\/{rel}","templated":true}]}}