{"id":5722,"date":"2023-01-26T11:31:48","date_gmt":"2023-01-26T10:31:48","guid":{"rendered":"https:\/\/agora.xtec.cat\/ceip-torre-llauder-mataro\/?p=5722"},"modified":"2023-01-26T11:31:48","modified_gmt":"2023-01-26T10:31:48","slug":"lhivern-a-i3","status":"publish","type":"post","link":"https:\/\/agora.xtec.cat\/ceip-torre-llauder-mataro\/infantil\/lhivern-a-i3\/","title":{"rendered":"L&#8217;hivern a I3"},"content":{"rendered":"<p>Els nens i nenes de I3 estem treballant l&#8217;hivern: els seus colors, les caracter\u00edstiques, la roba&#8230; \u00e9s per aix\u00f2 que hem relitzat un experiment on podem veure els diferents estats de l&#8217;aigua i els colors de l&#8217;hivern. Hem barrejat la pintura amb l&#8217;aigua i els hem ficat al congelador de l&#8217;escola. Al d\u00eda seg\u00fcent hem pogut comprovar que s&#8217;havien convertit en gel de colors, aix\u00ed que hem aprofitat per pintar amb ells. Ha estat tot un descobriment!!<\/p>\n<p><a href=\"https:\/\/photos.app.goo.gl\/ZQWyf87ZrRF25jHH8\">Fotos hivern<\/a><\/p>\n","protected":false},"excerpt":{"rendered":"<p>Els nens i nenes de I3 estem treballant l&#8217;hivern: els seus colors, les caracter\u00edstiques, la roba&#8230; \u00e9s per aix\u00f2 que hem relitzat un experiment on podem veure els diferents estats de l&#8217;aigua i els colors de l&#8217;hivern. Hem barrejat la pintura amb l&#8217;aigua i els&hellip;  <a href=\"https:\/\/agora.xtec.cat\/ceip-torre-llauder-mataro\/infantil\/lhivern-a-i3\/\" title=\"Read L&#8217;hivern a I3\">Llegeix m\u00e9s\u00bb<\/a><\/p>\n","protected":false},"author":12,"featured_media":0,"comment_status":"open","ping_status":"closed","sticky":false,"template":"","format":"standard","meta":{"_bbp_topic_count":0,"_bbp_reply_count":0,"_bbp_total_topic_count":0,"_bbp_total_reply_count":0,"_bbp_voice_count":0,"_bbp_anonymous_reply_count":0,"_bbp_topic_count_hidden":0,"_bbp_reply_count_hidden":0,"_bbp_forum_subforum_count":0,"footnotes":""},"categories":[83,2],"tags":[],"class_list":["post-5722","post","type-post","status-publish","format-standard","hentry","category-i3","category-infantil"],"post_mailing_queue_ids":[],"_links":{"self":[{"href":"https:\/\/agora.xtec.cat\/ceip-torre-llauder-mataro\/wp-json\/wp\/v2\/posts\/5722","targetHints":{"allow":["GET"]}}],"collection":[{"href":"https:\/\/agora.xtec.cat\/ceip-torre-llauder-mataro\/wp-json\/wp\/v2\/posts"}],"about":[{"href":"https:\/\/agora.xtec.cat\/ceip-torre-llauder-mataro\/wp-json\/wp\/v2\/types\/post"}],"author":[{"embeddable":true,"href":"https:\/\/agora.xtec.cat\/ceip-torre-llauder-mataro\/wp-json\/wp\/v2\/users\/12"}],"replies":[{"embeddable":true,"href":"https:\/\/agora.xtec.cat\/ceip-torre-llauder-mataro\/wp-json\/wp\/v2\/comments?post=5722"}],"version-history":[{"count":1,"href":"https:\/\/agora.xtec.cat\/ceip-torre-llauder-mataro\/wp-json\/wp\/v2\/posts\/5722\/revisions"}],"predecessor-version":[{"id":5724,"href":"https:\/\/agora.xtec.cat\/ceip-torre-llauder-mataro\/wp-json\/wp\/v2\/posts\/5722\/revisions\/5724"}],"wp:attachment":[{"href":"https:\/\/agora.xtec.cat\/ceip-torre-llauder-mataro\/wp-json\/wp\/v2\/media?parent=5722"}],"wp:term":[{"taxonomy":"category","embeddable":true,"href":"https:\/\/agora.xtec.cat\/ceip-torre-llauder-mataro\/wp-json\/wp\/v2\/categories?post=5722"},{"taxonomy":"post_tag","embeddable":true,"href":"https:\/\/agora.xtec.cat\/ceip-torre-llauder-mataro\/wp-json\/wp\/v2\/tags?post=5722"}],"curies":[{"name":"wp","href":"https:\/\/api.w.org\/{rel}","templated":true}]}}