{"id":5608,"date":"2022-11-21T14:56:25","date_gmt":"2022-11-21T13:56:25","guid":{"rendered":"https:\/\/agora.xtec.cat\/ceip-torre-llauder-mataro\/?p=5608"},"modified":"2022-11-21T14:56:25","modified_gmt":"2022-11-21T13:56:25","slug":"a-p3-experimentem","status":"publish","type":"post","link":"https:\/\/agora.xtec.cat\/ceip-torre-llauder-mataro\/infantil\/a-p3-experimentem\/","title":{"rendered":"A P3 Experimentem!"},"content":{"rendered":"<p><span style=\"font-family: inherit; font-size: 1em;\">Als nens i nenes de P3 ens agrada molt manipular i experimentar. \u00c9s per aix\u00f2 que aprofitem i juguem a fer tra\u00e7 amb l&#8217;espuma d&#8217;afeitar.\u00a0<\/span><\/p>\n<p>Ens han encantat les boles m\u00e0giques d&#8217;aigua! Endevant!<\/p>\n<p>Fotos <a href=\"https:\/\/photos.app.goo.gl\/agcPvpax5MofhisG6\">experimentaci\u00f3<\/a><\/p>\n","protected":false},"excerpt":{"rendered":"<p>Als nens i nenes de P3 ens agrada molt manipular i experimentar. \u00c9s per aix\u00f2 que aprofitem i juguem a fer tra\u00e7 amb l&#8217;espuma d&#8217;afeitar.\u00a0<br \/>\nEns han encantat les boles m\u00e0giques d&#8217;aigua! Endevant!<br \/>\nFotos <a href=\"https:\/\/photos.app.goo.gl\/agcPvpax5MofhisG6\">experimentaci\u00f3<\/a><\/p>\n","protected":false},"author":43,"featured_media":0,"comment_status":"open","ping_status":"closed","sticky":false,"template":"","format":"standard","meta":{"_bbp_topic_count":0,"_bbp_reply_count":0,"_bbp_total_topic_count":0,"_bbp_total_reply_count":0,"_bbp_voice_count":0,"_bbp_anonymous_reply_count":0,"_bbp_topic_count_hidden":0,"_bbp_reply_count_hidden":0,"_bbp_forum_subforum_count":0,"footnotes":""},"categories":[83,2],"tags":[],"class_list":["post-5608","post","type-post","status-publish","format-standard","hentry","category-i3","category-infantil"],"post_mailing_queue_ids":[],"_links":{"self":[{"href":"https:\/\/agora.xtec.cat\/ceip-torre-llauder-mataro\/wp-json\/wp\/v2\/posts\/5608","targetHints":{"allow":["GET"]}}],"collection":[{"href":"https:\/\/agora.xtec.cat\/ceip-torre-llauder-mataro\/wp-json\/wp\/v2\/posts"}],"about":[{"href":"https:\/\/agora.xtec.cat\/ceip-torre-llauder-mataro\/wp-json\/wp\/v2\/types\/post"}],"author":[{"embeddable":true,"href":"https:\/\/agora.xtec.cat\/ceip-torre-llauder-mataro\/wp-json\/wp\/v2\/users\/43"}],"replies":[{"embeddable":true,"href":"https:\/\/agora.xtec.cat\/ceip-torre-llauder-mataro\/wp-json\/wp\/v2\/comments?post=5608"}],"version-history":[{"count":1,"href":"https:\/\/agora.xtec.cat\/ceip-torre-llauder-mataro\/wp-json\/wp\/v2\/posts\/5608\/revisions"}],"predecessor-version":[{"id":5609,"href":"https:\/\/agora.xtec.cat\/ceip-torre-llauder-mataro\/wp-json\/wp\/v2\/posts\/5608\/revisions\/5609"}],"wp:attachment":[{"href":"https:\/\/agora.xtec.cat\/ceip-torre-llauder-mataro\/wp-json\/wp\/v2\/media?parent=5608"}],"wp:term":[{"taxonomy":"category","embeddable":true,"href":"https:\/\/agora.xtec.cat\/ceip-torre-llauder-mataro\/wp-json\/wp\/v2\/categories?post=5608"},{"taxonomy":"post_tag","embeddable":true,"href":"https:\/\/agora.xtec.cat\/ceip-torre-llauder-mataro\/wp-json\/wp\/v2\/tags?post=5608"}],"curies":[{"name":"wp","href":"https:\/\/api.w.org\/{rel}","templated":true}]}}