{"id":5604,"date":"2022-11-08T14:18:14","date_gmt":"2022-11-08T13:18:14","guid":{"rendered":"https:\/\/agora.xtec.cat\/ceip-torre-llauder-mataro\/?p=5604"},"modified":"2022-11-08T14:18:14","modified_gmt":"2022-11-08T13:18:14","slug":"fem-l1-a-p3","status":"publish","type":"post","link":"https:\/\/agora.xtec.cat\/ceip-torre-llauder-mataro\/infantil\/fem-l1-a-p3\/","title":{"rendered":"Fem l&#8217;1 a P3"},"content":{"rendered":"<p>A P3 hem introduit el n\u00famero 1, hem comen\u00e7at amb l&#8217;explicaci\u00f3 d&#8217;un conte i despr\u00e9s hem fet la grafia de l&#8217;1 amb diversos materials (pintura, guix, gomets i farina), tot fent uns racons matem\u00e0tics de l&#8217;1 a l&#8217;aula!!! Ens ho hem passat molt b\u00e9!!<\/p>\n<p><a href=\"https:\/\/photos.app.goo.gl\/rPxDXjMQ6pAnWywy8\">Fotos 1<\/a><\/p>\n","protected":false},"excerpt":{"rendered":"<p>A P3 hem introduit el n\u00famero 1, hem comen\u00e7at amb l&#8217;explicaci\u00f3 d&#8217;un conte i despr\u00e9s hem fet la grafia de l&#8217;1 amb diversos materials (pintura, guix, gomets i farina), tot fent uns racons matem\u00e0tics de l&#8217;1 a l&#8217;aula!!! Ens ho hem passat molt b\u00e9!!<br \/>\n<a href=\"https:\/\/photos.app.goo.gl\/rPxDXjMQ6pAnWywy8\">Fotos&hellip;  <a href=\"https:\/\/agora.xtec.cat\/ceip-torre-llauder-mataro\/infantil\/fem-l1-a-p3\/\" title=\"Read Fem l&#8217;1 a P3\">Llegeix m\u00e9s\u00bb<\/a><\/p>\n","protected":false},"author":12,"featured_media":0,"comment_status":"open","ping_status":"closed","sticky":false,"template":"","format":"standard","meta":{"_bbp_topic_count":0,"_bbp_reply_count":0,"_bbp_total_topic_count":0,"_bbp_total_reply_count":0,"_bbp_voice_count":0,"_bbp_anonymous_reply_count":0,"_bbp_topic_count_hidden":0,"_bbp_reply_count_hidden":0,"_bbp_forum_subforum_count":0,"footnotes":""},"categories":[83,2],"tags":[],"class_list":["post-5604","post","type-post","status-publish","format-standard","hentry","category-i3","category-infantil"],"post_mailing_queue_ids":[],"_links":{"self":[{"href":"https:\/\/agora.xtec.cat\/ceip-torre-llauder-mataro\/wp-json\/wp\/v2\/posts\/5604","targetHints":{"allow":["GET"]}}],"collection":[{"href":"https:\/\/agora.xtec.cat\/ceip-torre-llauder-mataro\/wp-json\/wp\/v2\/posts"}],"about":[{"href":"https:\/\/agora.xtec.cat\/ceip-torre-llauder-mataro\/wp-json\/wp\/v2\/types\/post"}],"author":[{"embeddable":true,"href":"https:\/\/agora.xtec.cat\/ceip-torre-llauder-mataro\/wp-json\/wp\/v2\/users\/12"}],"replies":[{"embeddable":true,"href":"https:\/\/agora.xtec.cat\/ceip-torre-llauder-mataro\/wp-json\/wp\/v2\/comments?post=5604"}],"version-history":[{"count":1,"href":"https:\/\/agora.xtec.cat\/ceip-torre-llauder-mataro\/wp-json\/wp\/v2\/posts\/5604\/revisions"}],"predecessor-version":[{"id":5605,"href":"https:\/\/agora.xtec.cat\/ceip-torre-llauder-mataro\/wp-json\/wp\/v2\/posts\/5604\/revisions\/5605"}],"wp:attachment":[{"href":"https:\/\/agora.xtec.cat\/ceip-torre-llauder-mataro\/wp-json\/wp\/v2\/media?parent=5604"}],"wp:term":[{"taxonomy":"category","embeddable":true,"href":"https:\/\/agora.xtec.cat\/ceip-torre-llauder-mataro\/wp-json\/wp\/v2\/categories?post=5604"},{"taxonomy":"post_tag","embeddable":true,"href":"https:\/\/agora.xtec.cat\/ceip-torre-llauder-mataro\/wp-json\/wp\/v2\/tags?post=5604"}],"curies":[{"name":"wp","href":"https:\/\/api.w.org\/{rel}","templated":true}]}}