{"id":5602,"date":"2022-11-05T18:32:46","date_gmt":"2022-11-05T17:32:46","guid":{"rendered":"https:\/\/agora.xtec.cat\/ceip-torre-llauder-mataro\/?p=5602"},"modified":"2022-11-05T18:32:46","modified_gmt":"2022-11-05T17:32:46","slug":"educacio-infantil-receptes-de-tardor","status":"publish","type":"post","link":"https:\/\/agora.xtec.cat\/ceip-torre-llauder-mataro\/infantil\/educacio-infantil-receptes-de-tardor\/","title":{"rendered":"Educaci\u00f3 infantil: Receptes de tardor"},"content":{"rendered":"<p>Aqu\u00ed us deixem algunes de les fotos que vam fer durant la realitzaci\u00f3 de la recepta de tardor de p3, p4 i p5.<\/p>\n<p>A p3, les gegantes van fer unes cookies bon\u00edssimes.<\/p>\n<p>A p4, les diablesses van fer unes piruletes de xocolata delicioses amb virutes de colors i fruits secs.<\/p>\n<p>I a p5, els patufets van fer els tradicionals panellets, en aquest cas d&#8217;ametlla, coco, maduixa i xocolata.<\/p>\n<p>Fotos <a href=\"https:\/\/photos.app.goo.gl\/edfKScvHQj26wayM7\">RECEPTES<\/a><\/p>\n<p>&nbsp;<\/p>\n","protected":false},"excerpt":{"rendered":"<p>Aqu\u00ed us deixem algunes de les fotos que vam fer durant la realitzaci\u00f3 de la recepta de tardor de p3, p4 i p5.<br \/>\nA p3, les gegantes van fer unes cookies bon\u00edssimes.<br \/>\nA p4, les diablesses van fer unes piruletes de xocolata delicioses amb virutes de colors&hellip;  <a href=\"https:\/\/agora.xtec.cat\/ceip-torre-llauder-mataro\/infantil\/educacio-infantil-receptes-de-tardor\/\" title=\"Read Educaci\u00f3 infantil: Receptes de tardor\">Llegeix m\u00e9s\u00bb<\/a><\/p>\n","protected":false},"author":7,"featured_media":0,"comment_status":"open","ping_status":"closed","sticky":false,"template":"","format":"standard","meta":{"_bbp_topic_count":0,"_bbp_reply_count":0,"_bbp_total_topic_count":0,"_bbp_total_reply_count":0,"_bbp_voice_count":0,"_bbp_anonymous_reply_count":0,"_bbp_topic_count_hidden":0,"_bbp_reply_count_hidden":0,"_bbp_forum_subforum_count":0,"footnotes":""},"categories":[8,2],"tags":[],"class_list":["post-5602","post","type-post","status-publish","format-standard","hentry","category-i5","category-infantil"],"post_mailing_queue_ids":[],"_links":{"self":[{"href":"https:\/\/agora.xtec.cat\/ceip-torre-llauder-mataro\/wp-json\/wp\/v2\/posts\/5602","targetHints":{"allow":["GET"]}}],"collection":[{"href":"https:\/\/agora.xtec.cat\/ceip-torre-llauder-mataro\/wp-json\/wp\/v2\/posts"}],"about":[{"href":"https:\/\/agora.xtec.cat\/ceip-torre-llauder-mataro\/wp-json\/wp\/v2\/types\/post"}],"author":[{"embeddable":true,"href":"https:\/\/agora.xtec.cat\/ceip-torre-llauder-mataro\/wp-json\/wp\/v2\/users\/7"}],"replies":[{"embeddable":true,"href":"https:\/\/agora.xtec.cat\/ceip-torre-llauder-mataro\/wp-json\/wp\/v2\/comments?post=5602"}],"version-history":[{"count":1,"href":"https:\/\/agora.xtec.cat\/ceip-torre-llauder-mataro\/wp-json\/wp\/v2\/posts\/5602\/revisions"}],"predecessor-version":[{"id":5603,"href":"https:\/\/agora.xtec.cat\/ceip-torre-llauder-mataro\/wp-json\/wp\/v2\/posts\/5602\/revisions\/5603"}],"wp:attachment":[{"href":"https:\/\/agora.xtec.cat\/ceip-torre-llauder-mataro\/wp-json\/wp\/v2\/media?parent=5602"}],"wp:term":[{"taxonomy":"category","embeddable":true,"href":"https:\/\/agora.xtec.cat\/ceip-torre-llauder-mataro\/wp-json\/wp\/v2\/categories?post=5602"},{"taxonomy":"post_tag","embeddable":true,"href":"https:\/\/agora.xtec.cat\/ceip-torre-llauder-mataro\/wp-json\/wp\/v2\/tags?post=5602"}],"curies":[{"name":"wp","href":"https:\/\/api.w.org\/{rel}","templated":true}]}}