{"id":5568,"date":"2022-10-25T19:18:09","date_gmt":"2022-10-25T17:18:09","guid":{"rendered":"https:\/\/agora.xtec.cat\/ceip-torre-llauder-mataro\/?p=5568"},"modified":"2022-10-25T19:18:09","modified_gmt":"2022-10-25T17:18:09","slug":"verema-p5-2","status":"publish","type":"post","link":"https:\/\/agora.xtec.cat\/ceip-torre-llauder-mataro\/infantil\/verema-p5-2\/","title":{"rendered":"Verema P5"},"content":{"rendered":"<p style=\"text-align: left;\">A p5 l&#8217;\u00faltima sessi\u00f3 d&#8217;experimentaci\u00f3 ha estat La Verema.<\/p>\n<p>Primer a les sessions de conversa, hem introdu\u00eft el tema observant v\u00eddeos i parlant d&#8217;aquest proc\u00e9s de la recollida del ra\u00efm fins que s&#8217;elabora el most o el vi, anomenat verema. I seguidament, hem experimentat nosaltres mateixos, com es realitzava antigament, aixafant amb els nostres peus el ra\u00efm.<\/p>\n<p>Finalment, durant l&#8217;esmorzar, hem pogut fer el tast d&#8217;un most bon\u00edssim.<\/p>\n<p>Ha sigut una experi\u00e8ncia incre\u00efble. Mireu les fotos.<\/p>\n<ol>\n<li><a href=\"https:\/\/photos.app.goo.gl\/BcGJxDCMuYGwPyQQ9\">Fotos Verema<\/a><\/li>\n<\/ol>\n","protected":false},"excerpt":{"rendered":"<p>A p5 l&#8217;\u00faltima sessi\u00f3 d&#8217;experimentaci\u00f3 ha estat La Verema.<br \/>\nPrimer a les sessions de conversa, hem introdu\u00eft el tema observant v\u00eddeos i parlant d&#8217;aquest proc\u00e9s de la recollida del ra\u00efm fins que s&#8217;elabora el most o el vi, anomenat verema. I seguidament, hem experimentat nosaltres mateixos,&hellip;  <a href=\"https:\/\/agora.xtec.cat\/ceip-torre-llauder-mataro\/infantil\/verema-p5-2\/\" title=\"Read Verema P5\">Llegeix m\u00e9s\u00bb<\/a><\/p>\n","protected":false},"author":7,"featured_media":0,"comment_status":"open","ping_status":"closed","sticky":false,"template":"","format":"standard","meta":{"_bbp_topic_count":0,"_bbp_reply_count":0,"_bbp_total_topic_count":0,"_bbp_total_reply_count":0,"_bbp_voice_count":0,"_bbp_anonymous_reply_count":0,"_bbp_topic_count_hidden":0,"_bbp_reply_count_hidden":0,"_bbp_forum_subforum_count":0,"footnotes":""},"categories":[8,2],"tags":[],"class_list":["post-5568","post","type-post","status-publish","format-standard","hentry","category-i5","category-infantil"],"post_mailing_queue_ids":[],"_links":{"self":[{"href":"https:\/\/agora.xtec.cat\/ceip-torre-llauder-mataro\/wp-json\/wp\/v2\/posts\/5568","targetHints":{"allow":["GET"]}}],"collection":[{"href":"https:\/\/agora.xtec.cat\/ceip-torre-llauder-mataro\/wp-json\/wp\/v2\/posts"}],"about":[{"href":"https:\/\/agora.xtec.cat\/ceip-torre-llauder-mataro\/wp-json\/wp\/v2\/types\/post"}],"author":[{"embeddable":true,"href":"https:\/\/agora.xtec.cat\/ceip-torre-llauder-mataro\/wp-json\/wp\/v2\/users\/7"}],"replies":[{"embeddable":true,"href":"https:\/\/agora.xtec.cat\/ceip-torre-llauder-mataro\/wp-json\/wp\/v2\/comments?post=5568"}],"version-history":[{"count":2,"href":"https:\/\/agora.xtec.cat\/ceip-torre-llauder-mataro\/wp-json\/wp\/v2\/posts\/5568\/revisions"}],"predecessor-version":[{"id":5570,"href":"https:\/\/agora.xtec.cat\/ceip-torre-llauder-mataro\/wp-json\/wp\/v2\/posts\/5568\/revisions\/5570"}],"wp:attachment":[{"href":"https:\/\/agora.xtec.cat\/ceip-torre-llauder-mataro\/wp-json\/wp\/v2\/media?parent=5568"}],"wp:term":[{"taxonomy":"category","embeddable":true,"href":"https:\/\/agora.xtec.cat\/ceip-torre-llauder-mataro\/wp-json\/wp\/v2\/categories?post=5568"},{"taxonomy":"post_tag","embeddable":true,"href":"https:\/\/agora.xtec.cat\/ceip-torre-llauder-mataro\/wp-json\/wp\/v2\/tags?post=5568"}],"curies":[{"name":"wp","href":"https:\/\/api.w.org\/{rel}","templated":true}]}}