{"id":5561,"date":"2022-10-21T02:51:50","date_gmt":"2022-10-21T00:51:50","guid":{"rendered":"https:\/\/agora.xtec.cat\/ceip-torre-llauder-mataro\/?p=5561"},"modified":"2022-10-29T16:32:43","modified_gmt":"2022-10-29T14:32:43","slug":"sortida-a-vallgorguina-3","status":"publish","type":"post","link":"https:\/\/agora.xtec.cat\/ceip-torre-llauder-mataro\/general\/sortida-a-vallgorguina-3\/","title":{"rendered":"Sortida a Vallgorguina"},"content":{"rendered":"<p>Avui l\u2019alumnat de prim\u00e0ria hem anat d\u2019excursi\u00f3 a Vallgorguina per passar un dia a la natura, passejar pel bosc i recollir castanyes. Ens ho hem passat d\u2019all\u00f2 m\u00e9s b\u00e9.<\/p>\n<p>Cliqueu la imatge per veure totes les fotografies.<\/p>\n<p><a href=\"https:\/\/photos.app.goo.gl\/1xc8gDHUrjbEW7P87\" target=\"_blank\" rel=\"noopener\"><img loading=\"lazy\" decoding=\"async\" class=\"alignleft wp-image-4680\" src=\"https:\/\/agora.xtec.cat\/ceip-torre-llauder-mataro\/wp-content\/uploads\/usu1425\/2021\/10\/mariaOK-otono-min.png\" alt=\"\" width=\"349\" height=\"232\" srcset=\"https:\/\/agora.xtec.cat\/ceip-torre-llauder-mataro\/wp-content\/uploads\/usu1425\/2021\/10\/mariaOK-otono-min.png 425w, https:\/\/agora.xtec.cat\/ceip-torre-llauder-mataro\/wp-content\/uploads\/usu1425\/2021\/10\/mariaOK-otono-min-300x200.png 300w\" sizes=\"auto, (max-width: 349px) 100vw, 349px\" \/><\/a><\/p>\n","protected":false},"excerpt":{"rendered":"<p>Avui l\u2019alumnat de prim\u00e0ria hem anat d\u2019excursi\u00f3 a Vallgorguina per passar un dia a la natura, passejar pel bosc i recollir castanyes. Ens ho hem passat d\u2019all\u00f2 m\u00e9s b\u00e9.<br \/>\nCliqueu la imatge per veure totes les fotografies.<br \/>\n<a href=\"https:\/\/photos.app.goo.gl\/1xc8gDHUrjbEW7P87\" target=\"_blank\" rel=\"noopener\"><\/a><\/p>\n","protected":false},"author":23,"featured_media":0,"comment_status":"open","ping_status":"closed","sticky":false,"template":"","format":"standard","meta":{"_bbp_topic_count":0,"_bbp_reply_count":0,"_bbp_total_topic_count":0,"_bbp_total_reply_count":0,"_bbp_voice_count":0,"_bbp_anonymous_reply_count":0,"_bbp_topic_count_hidden":0,"_bbp_reply_count_hidden":0,"_bbp_forum_subforum_count":0,"footnotes":""},"categories":[9,10,11,12,13,14,1,4,5],"tags":[58,16,195,71],"class_list":["post-5561","post","type-post","status-publish","format-standard","hentry","category-1r","category-2n","category-3r","category-4t","category-5e","category-6e","category-general","category-portada","category-primaria","tag-castanyada","tag-sortides","tag-tardor","tag-vallgorguina"],"post_mailing_queue_ids":[],"_links":{"self":[{"href":"https:\/\/agora.xtec.cat\/ceip-torre-llauder-mataro\/wp-json\/wp\/v2\/posts\/5561","targetHints":{"allow":["GET"]}}],"collection":[{"href":"https:\/\/agora.xtec.cat\/ceip-torre-llauder-mataro\/wp-json\/wp\/v2\/posts"}],"about":[{"href":"https:\/\/agora.xtec.cat\/ceip-torre-llauder-mataro\/wp-json\/wp\/v2\/types\/post"}],"author":[{"embeddable":true,"href":"https:\/\/agora.xtec.cat\/ceip-torre-llauder-mataro\/wp-json\/wp\/v2\/users\/23"}],"replies":[{"embeddable":true,"href":"https:\/\/agora.xtec.cat\/ceip-torre-llauder-mataro\/wp-json\/wp\/v2\/comments?post=5561"}],"version-history":[{"count":2,"href":"https:\/\/agora.xtec.cat\/ceip-torre-llauder-mataro\/wp-json\/wp\/v2\/posts\/5561\/revisions"}],"predecessor-version":[{"id":5563,"href":"https:\/\/agora.xtec.cat\/ceip-torre-llauder-mataro\/wp-json\/wp\/v2\/posts\/5561\/revisions\/5563"}],"wp:attachment":[{"href":"https:\/\/agora.xtec.cat\/ceip-torre-llauder-mataro\/wp-json\/wp\/v2\/media?parent=5561"}],"wp:term":[{"taxonomy":"category","embeddable":true,"href":"https:\/\/agora.xtec.cat\/ceip-torre-llauder-mataro\/wp-json\/wp\/v2\/categories?post=5561"},{"taxonomy":"post_tag","embeddable":true,"href":"https:\/\/agora.xtec.cat\/ceip-torre-llauder-mataro\/wp-json\/wp\/v2\/tags?post=5561"}],"curies":[{"name":"wp","href":"https:\/\/api.w.org\/{rel}","templated":true}]}}