{"id":5550,"date":"2022-10-06T13:41:49","date_gmt":"2022-10-06T11:41:49","guid":{"rendered":"https:\/\/agora.xtec.cat\/ceip-torre-llauder-mataro\/?p=5550"},"modified":"2022-10-06T13:41:49","modified_gmt":"2022-10-06T11:41:49","slug":"mates-a-p4","status":"publish","type":"post","link":"https:\/\/agora.xtec.cat\/ceip-torre-llauder-mataro\/infantil\/mates-a-p4\/","title":{"rendered":"Mates a P4"},"content":{"rendered":"<p>Els nens i nenes de la classe de les Diablesses aprenem matem\u00e0tiques (formes geom\u00e8triques, seriacions, n\u00fameros&#8230;) a trav\u00e9s del joc i la manipulaci\u00f3, d&#8217;aquesta manera \u00e9s molt m\u00e9s divertit!!<\/p>\n<p><a href=\"https:\/\/photos.app.goo.gl\/BsWDPaeSQdqLaBZd9\">Fotos mates<\/a><\/p>\n","protected":false},"excerpt":{"rendered":"<p>Els nens i nenes de la classe de les Diablesses aprenem matem\u00e0tiques (formes geom\u00e8triques, seriacions, n\u00fameros&#8230;) a trav\u00e9s del joc i la manipulaci\u00f3, d&#8217;aquesta manera \u00e9s molt m\u00e9s divertit!!<br \/>\n<a href=\"https:\/\/photos.app.goo.gl\/BsWDPaeSQdqLaBZd9\">Fotos mates<\/a><\/p>\n","protected":false},"author":12,"featured_media":0,"comment_status":"open","ping_status":"closed","sticky":false,"template":"","format":"standard","meta":{"_bbp_topic_count":0,"_bbp_reply_count":0,"_bbp_total_topic_count":0,"_bbp_total_reply_count":0,"_bbp_voice_count":0,"_bbp_anonymous_reply_count":0,"_bbp_topic_count_hidden":0,"_bbp_reply_count_hidden":0,"_bbp_forum_subforum_count":0,"footnotes":""},"categories":[3,2],"tags":[],"class_list":["post-5550","post","type-post","status-publish","format-standard","hentry","category-i4","category-infantil"],"post_mailing_queue_ids":[],"_links":{"self":[{"href":"https:\/\/agora.xtec.cat\/ceip-torre-llauder-mataro\/wp-json\/wp\/v2\/posts\/5550","targetHints":{"allow":["GET"]}}],"collection":[{"href":"https:\/\/agora.xtec.cat\/ceip-torre-llauder-mataro\/wp-json\/wp\/v2\/posts"}],"about":[{"href":"https:\/\/agora.xtec.cat\/ceip-torre-llauder-mataro\/wp-json\/wp\/v2\/types\/post"}],"author":[{"embeddable":true,"href":"https:\/\/agora.xtec.cat\/ceip-torre-llauder-mataro\/wp-json\/wp\/v2\/users\/12"}],"replies":[{"embeddable":true,"href":"https:\/\/agora.xtec.cat\/ceip-torre-llauder-mataro\/wp-json\/wp\/v2\/comments?post=5550"}],"version-history":[{"count":1,"href":"https:\/\/agora.xtec.cat\/ceip-torre-llauder-mataro\/wp-json\/wp\/v2\/posts\/5550\/revisions"}],"predecessor-version":[{"id":5551,"href":"https:\/\/agora.xtec.cat\/ceip-torre-llauder-mataro\/wp-json\/wp\/v2\/posts\/5550\/revisions\/5551"}],"wp:attachment":[{"href":"https:\/\/agora.xtec.cat\/ceip-torre-llauder-mataro\/wp-json\/wp\/v2\/media?parent=5550"}],"wp:term":[{"taxonomy":"category","embeddable":true,"href":"https:\/\/agora.xtec.cat\/ceip-torre-llauder-mataro\/wp-json\/wp\/v2\/categories?post=5550"},{"taxonomy":"post_tag","embeddable":true,"href":"https:\/\/agora.xtec.cat\/ceip-torre-llauder-mataro\/wp-json\/wp\/v2\/tags?post=5550"}],"curies":[{"name":"wp","href":"https:\/\/api.w.org\/{rel}","templated":true}]}}