{"id":5517,"date":"2022-09-30T08:21:49","date_gmt":"2022-09-30T06:21:49","guid":{"rendered":"https:\/\/agora.xtec.cat\/ceip-torre-llauder-mataro\/?p=5517"},"modified":"2022-09-30T20:26:31","modified_gmt":"2022-09-30T18:26:31","slug":"1r-biblioenigma-del-curs-22-23","status":"publish","type":"post","link":"https:\/\/agora.xtec.cat\/ceip-torre-llauder-mataro\/general\/1r-biblioenigma-del-curs-22-23\/","title":{"rendered":"1r Biblioenigma del curs 22-23"},"content":{"rendered":"<p>Com ja \u00e9s tradici\u00f3, aquest curs tornem a animar als nostres alumnes a participar en els 3 <strong>BIBLIOENIGMES<\/strong> que organitza <em>la nostra biblioteca BOLERET.<img loading=\"lazy\" decoding=\"async\" class=\"alignright wp-image-3710\" src=\"https:\/\/agora.xtec.cat\/ceip-torre-llauder-mataro\/wp-content\/uploads\/usu1425\/2020\/11\/Boleret-2020-11-01-110134-245x300.png\" alt=\"\" width=\"91\" height=\"111\" srcset=\"https:\/\/agora.xtec.cat\/ceip-torre-llauder-mataro\/wp-content\/uploads\/usu1425\/2020\/11\/Boleret-2020-11-01-110134-245x300.png 245w, https:\/\/agora.xtec.cat\/ceip-torre-llauder-mataro\/wp-content\/uploads\/usu1425\/2020\/11\/Boleret-2020-11-01-110134.png 441w\" sizes=\"auto, (max-width: 91px) 100vw, 91px\" \/> <\/em><\/p>\n<p>A partir d&#8217;aquest dilluns dia 3 d&#8217;octubre, ja es poden trobar les butlletes al vest\u00edbul de l&#8217;edifici de prim\u00e0ria, (el concurs durar\u00e0 15 dies)<\/p>\n<p>El guanyador\/a rebr\u00e0 un val de 15\u20ac per comprar-se un llibre en una llibreria de la nostra ciutat.<\/p>\n<p>En el biblioenigma d&#8217;aquest trimestre, els alumnes han de descobrir<strong> 4 personatges misteriosos<\/strong> a partir d&#8217;unes pistes.<\/p>\n<p>Aqu\u00ed en tenim un exemple:<\/p>\n<p><a href=\"https:\/\/agora.xtec.cat\/ceip-torre-llauder-mataro\/wp-content\/uploads\/usu1425\/2022\/09\/1r-biblioenigma-22-23-si.jpg\" target=\"_blank\" rel=\"noopener\"><img loading=\"lazy\" decoding=\"async\" class=\"alignnone wp-image-5519 size-medium\" src=\"https:\/\/agora.xtec.cat\/ceip-torre-llauder-mataro\/wp-content\/uploads\/usu1425\/2022\/09\/1r-biblioenigma-22-23-si-300x162.jpg\" alt=\"\" width=\"300\" height=\"162\" srcset=\"https:\/\/agora.xtec.cat\/ceip-torre-llauder-mataro\/wp-content\/uploads\/usu1425\/2022\/09\/1r-biblioenigma-22-23-si-300x162.jpg 300w, https:\/\/agora.xtec.cat\/ceip-torre-llauder-mataro\/wp-content\/uploads\/usu1425\/2022\/09\/1r-biblioenigma-22-23-si.jpg 556w\" sizes=\"auto, (max-width: 300px) 100vw, 300px\" \/><\/a><img loading=\"lazy\" decoding=\"async\" class=\"alignnone wp-image-4778\" src=\"https:\/\/agora.xtec.cat\/ceip-torre-llauder-mataro\/wp-content\/uploads\/usu1425\/2021\/11\/INTERROGANT-1-e1637516845420.jpg\" alt=\"\" width=\"101\" height=\"103\" \/><\/p>\n<p>&nbsp;<\/p>\n","protected":false},"excerpt":{"rendered":"<p>Com ja \u00e9s tradici\u00f3, aquest curs tornem a animar als nostres alumnes a participar en els 3 BIBLIOENIGMES que organitza la nostra biblioteca BOLERET.<br \/>\nA partir d&#8217;aquest dilluns dia 3 d&#8217;octubre, ja es poden trobar les butlletes al vest\u00edbul de l&#8217;edifici de prim\u00e0ria, (el concurs&hellip;  <a href=\"https:\/\/agora.xtec.cat\/ceip-torre-llauder-mataro\/general\/1r-biblioenigma-del-curs-22-23\/\" title=\"Read 1r Biblioenigma del curs 22-23\">Llegeix m\u00e9s\u00bb<\/a><\/p>\n","protected":false},"author":24,"featured_media":3852,"comment_status":"open","ping_status":"closed","sticky":false,"template":"","format":"standard","meta":{"_bbp_topic_count":0,"_bbp_reply_count":0,"_bbp_total_topic_count":0,"_bbp_total_reply_count":0,"_bbp_voice_count":0,"_bbp_anonymous_reply_count":0,"_bbp_topic_count_hidden":0,"_bbp_reply_count_hidden":0,"_bbp_forum_subforum_count":0,"footnotes":""},"categories":[154,1,4],"tags":[],"class_list":["post-5517","post","type-post","status-publish","format-standard","has-post-thumbnail","hentry","category-biblioteca","category-general","category-portada"],"post_mailing_queue_ids":[],"_links":{"self":[{"href":"https:\/\/agora.xtec.cat\/ceip-torre-llauder-mataro\/wp-json\/wp\/v2\/posts\/5517","targetHints":{"allow":["GET"]}}],"collection":[{"href":"https:\/\/agora.xtec.cat\/ceip-torre-llauder-mataro\/wp-json\/wp\/v2\/posts"}],"about":[{"href":"https:\/\/agora.xtec.cat\/ceip-torre-llauder-mataro\/wp-json\/wp\/v2\/types\/post"}],"author":[{"embeddable":true,"href":"https:\/\/agora.xtec.cat\/ceip-torre-llauder-mataro\/wp-json\/wp\/v2\/users\/24"}],"replies":[{"embeddable":true,"href":"https:\/\/agora.xtec.cat\/ceip-torre-llauder-mataro\/wp-json\/wp\/v2\/comments?post=5517"}],"version-history":[{"count":3,"href":"https:\/\/agora.xtec.cat\/ceip-torre-llauder-mataro\/wp-json\/wp\/v2\/posts\/5517\/revisions"}],"predecessor-version":[{"id":5543,"href":"https:\/\/agora.xtec.cat\/ceip-torre-llauder-mataro\/wp-json\/wp\/v2\/posts\/5517\/revisions\/5543"}],"wp:featuredmedia":[{"embeddable":true,"href":"https:\/\/agora.xtec.cat\/ceip-torre-llauder-mataro\/wp-json\/wp\/v2\/media\/3852"}],"wp:attachment":[{"href":"https:\/\/agora.xtec.cat\/ceip-torre-llauder-mataro\/wp-json\/wp\/v2\/media?parent=5517"}],"wp:term":[{"taxonomy":"category","embeddable":true,"href":"https:\/\/agora.xtec.cat\/ceip-torre-llauder-mataro\/wp-json\/wp\/v2\/categories?post=5517"},{"taxonomy":"post_tag","embeddable":true,"href":"https:\/\/agora.xtec.cat\/ceip-torre-llauder-mataro\/wp-json\/wp\/v2\/tags?post=5517"}],"curies":[{"name":"wp","href":"https:\/\/api.w.org\/{rel}","templated":true}]}}