{"id":5456,"date":"2022-06-22T15:42:13","date_gmt":"2022-06-22T13:42:13","guid":{"rendered":"https:\/\/agora.xtec.cat\/ceip-torre-llauder-mataro\/?p=5456"},"modified":"2022-06-22T15:42:13","modified_gmt":"2022-06-22T13:42:13","slug":"projecte-geganta-p3","status":"publish","type":"post","link":"https:\/\/agora.xtec.cat\/ceip-torre-llauder-mataro\/infantil\/projecte-geganta-p3\/","title":{"rendered":"PROJECTE GEGANTA &#8211; P3"},"content":{"rendered":"<p style=\"text-align: left;\">I&#8230; per acabar: el projecte de la Geganta, que hem anat fent durant aquestes \u00faltimes setmanes!!! Hem apr\u00e9s moltes coses!! A gaudir d&#8217;aquests \u00faltims dies de Gegantes que el curs vinent&#8230;. toca figura de foc!!! Quina triaran???<\/p>\n<p><a href=\"https:\/\/photos.app.goo.gl\/mLNu4SMxQ5rnFy8Z6\">Projecte de la Geganta<\/a><\/p>\n","protected":false},"excerpt":{"rendered":"<p>I&#8230; per acabar: el projecte de la Geganta, que hem anat fent durant aquestes \u00faltimes setmanes!!! Hem apr\u00e9s moltes coses!! A gaudir d&#8217;aquests \u00faltims dies de Gegantes que el curs vinent&#8230;. toca figura de foc!!! Quina triaran???<br \/>\n<a href=\"https:\/\/photos.app.goo.gl\/mLNu4SMxQ5rnFy8Z6\">Projecte de la Geganta<\/a><\/p>\n","protected":false},"author":21,"featured_media":0,"comment_status":"open","ping_status":"closed","sticky":false,"template":"","format":"standard","meta":{"_bbp_topic_count":0,"_bbp_reply_count":0,"_bbp_total_topic_count":0,"_bbp_total_reply_count":0,"_bbp_voice_count":0,"_bbp_anonymous_reply_count":0,"_bbp_topic_count_hidden":0,"_bbp_reply_count_hidden":0,"_bbp_forum_subforum_count":0,"footnotes":""},"categories":[83,2],"tags":[],"class_list":["post-5456","post","type-post","status-publish","format-standard","hentry","category-i3","category-infantil"],"post_mailing_queue_ids":[],"_links":{"self":[{"href":"https:\/\/agora.xtec.cat\/ceip-torre-llauder-mataro\/wp-json\/wp\/v2\/posts\/5456","targetHints":{"allow":["GET"]}}],"collection":[{"href":"https:\/\/agora.xtec.cat\/ceip-torre-llauder-mataro\/wp-json\/wp\/v2\/posts"}],"about":[{"href":"https:\/\/agora.xtec.cat\/ceip-torre-llauder-mataro\/wp-json\/wp\/v2\/types\/post"}],"author":[{"embeddable":true,"href":"https:\/\/agora.xtec.cat\/ceip-torre-llauder-mataro\/wp-json\/wp\/v2\/users\/21"}],"replies":[{"embeddable":true,"href":"https:\/\/agora.xtec.cat\/ceip-torre-llauder-mataro\/wp-json\/wp\/v2\/comments?post=5456"}],"version-history":[{"count":1,"href":"https:\/\/agora.xtec.cat\/ceip-torre-llauder-mataro\/wp-json\/wp\/v2\/posts\/5456\/revisions"}],"predecessor-version":[{"id":5457,"href":"https:\/\/agora.xtec.cat\/ceip-torre-llauder-mataro\/wp-json\/wp\/v2\/posts\/5456\/revisions\/5457"}],"wp:attachment":[{"href":"https:\/\/agora.xtec.cat\/ceip-torre-llauder-mataro\/wp-json\/wp\/v2\/media?parent=5456"}],"wp:term":[{"taxonomy":"category","embeddable":true,"href":"https:\/\/agora.xtec.cat\/ceip-torre-llauder-mataro\/wp-json\/wp\/v2\/categories?post=5456"},{"taxonomy":"post_tag","embeddable":true,"href":"https:\/\/agora.xtec.cat\/ceip-torre-llauder-mataro\/wp-json\/wp\/v2\/tags?post=5456"}],"curies":[{"name":"wp","href":"https:\/\/api.w.org\/{rel}","templated":true}]}}