{"id":5444,"date":"2022-06-20T12:01:19","date_gmt":"2022-06-20T10:01:19","guid":{"rendered":"https:\/\/agora.xtec.cat\/ceip-torre-llauder-mataro\/?p=5444"},"modified":"2022-06-20T12:01:19","modified_gmt":"2022-06-20T10:01:19","slug":"plastica-a-p3","status":"publish","type":"post","link":"https:\/\/agora.xtec.cat\/ceip-torre-llauder-mataro\/infantil\/plastica-a-p3\/","title":{"rendered":"PL\u00c0STICA A P3"},"content":{"rendered":"<p>Us deixo a continuaci\u00f3 unes sessions meravelloses de pl\u00e0stica on els nens i nenes milloren les seves habilitats i tamb\u00e9 desenvolupen la creativitat:<\/p>\n<p><a href=\"https:\/\/photos.app.goo.gl\/kgwe2g4VBiojxXZf9\">Pl\u00e0stica Lliure<\/a><\/p>\n<p><a href=\"https:\/\/photos.app.goo.gl\/jRoimxVhFrddFbSC7\">Pintem amb forquilles<\/a><\/p>\n<p><a href=\"https:\/\/photos.app.goo.gl\/mcChWZanrUzLh6GD9\">Tapa de pl\u00e0stica (mans)<\/a><\/p>\n<p><a href=\"https:\/\/photos.app.goo.gl\/GutBTnjYqknoHNCLA\">FANG (Regal per 6\u00e8)<\/a><\/p>\n","protected":false},"excerpt":{"rendered":"<p>Us deixo a continuaci\u00f3 unes sessions meravelloses de pl\u00e0stica on els nens i nenes milloren les seves habilitats i tamb\u00e9 desenvolupen la creativitat:<br \/>\n<a href=\"https:\/\/photos.app.goo.gl\/kgwe2g4VBiojxXZf9\">Pl\u00e0stica Lliure<\/a><br \/>\n<a href=\"https:\/\/photos.app.goo.gl\/jRoimxVhFrddFbSC7\">Pintem amb forquilles<\/a><br \/>\n<a href=\"https:\/\/photos.app.goo.gl\/mcChWZanrUzLh6GD9\">Tapa de pl\u00e0stica (mans)<\/a><br \/>\n<a href=\"https:\/\/photos.app.goo.gl\/GutBTnjYqknoHNCLA\">FANG (Regal per 6\u00e8)<\/a><\/p>\n","protected":false},"author":21,"featured_media":0,"comment_status":"open","ping_status":"closed","sticky":false,"template":"","format":"standard","meta":{"_bbp_topic_count":0,"_bbp_reply_count":0,"_bbp_total_topic_count":0,"_bbp_total_reply_count":0,"_bbp_voice_count":0,"_bbp_anonymous_reply_count":0,"_bbp_topic_count_hidden":0,"_bbp_reply_count_hidden":0,"_bbp_forum_subforum_count":0,"footnotes":""},"categories":[83,2],"tags":[],"class_list":["post-5444","post","type-post","status-publish","format-standard","hentry","category-i3","category-infantil"],"post_mailing_queue_ids":[],"_links":{"self":[{"href":"https:\/\/agora.xtec.cat\/ceip-torre-llauder-mataro\/wp-json\/wp\/v2\/posts\/5444","targetHints":{"allow":["GET"]}}],"collection":[{"href":"https:\/\/agora.xtec.cat\/ceip-torre-llauder-mataro\/wp-json\/wp\/v2\/posts"}],"about":[{"href":"https:\/\/agora.xtec.cat\/ceip-torre-llauder-mataro\/wp-json\/wp\/v2\/types\/post"}],"author":[{"embeddable":true,"href":"https:\/\/agora.xtec.cat\/ceip-torre-llauder-mataro\/wp-json\/wp\/v2\/users\/21"}],"replies":[{"embeddable":true,"href":"https:\/\/agora.xtec.cat\/ceip-torre-llauder-mataro\/wp-json\/wp\/v2\/comments?post=5444"}],"version-history":[{"count":1,"href":"https:\/\/agora.xtec.cat\/ceip-torre-llauder-mataro\/wp-json\/wp\/v2\/posts\/5444\/revisions"}],"predecessor-version":[{"id":5445,"href":"https:\/\/agora.xtec.cat\/ceip-torre-llauder-mataro\/wp-json\/wp\/v2\/posts\/5444\/revisions\/5445"}],"wp:attachment":[{"href":"https:\/\/agora.xtec.cat\/ceip-torre-llauder-mataro\/wp-json\/wp\/v2\/media?parent=5444"}],"wp:term":[{"taxonomy":"category","embeddable":true,"href":"https:\/\/agora.xtec.cat\/ceip-torre-llauder-mataro\/wp-json\/wp\/v2\/categories?post=5444"},{"taxonomy":"post_tag","embeddable":true,"href":"https:\/\/agora.xtec.cat\/ceip-torre-llauder-mataro\/wp-json\/wp\/v2\/tags?post=5444"}],"curies":[{"name":"wp","href":"https:\/\/api.w.org\/{rel}","templated":true}]}}