{"id":5442,"date":"2022-06-20T11:34:04","date_gmt":"2022-06-20T09:34:04","guid":{"rendered":"https:\/\/agora.xtec.cat\/ceip-torre-llauder-mataro\/?p=5442"},"modified":"2022-06-20T11:34:04","modified_gmt":"2022-06-20T09:34:04","slug":"gelatina-p3","status":"publish","type":"post","link":"https:\/\/agora.xtec.cat\/ceip-torre-llauder-mataro\/infantil\/gelatina-p3\/","title":{"rendered":"GELATINA P3"},"content":{"rendered":"<p>Ja fa unes dies a la classe de P3 vam preparar un berenar for\u00e7a saludable: GELATINA!! \ud83d\ude0b<\/p>\n<p>Vam poder llegir les instruccions i remenar ben remenat per aconseguir la gelatina. Vam poder veure la difer\u00e8ncia de temperatures de l&#8217;aigua ja que en necessit\u00e0vem una mica de CALENTA i despr\u00e9s una mica de FREDA. I tamb\u00e9 vam poder veure els diferents estats, ja que primer era <strong>pols<\/strong>, despr\u00e9s <strong>l\u00edquid,<\/strong> al barrejar-ho amb aigua i, finalment, un cop freda, es va quedar <strong>s\u00f2lida!<\/strong> (Fixeu-vos quants conceptes hem treballat amb una sola activitat). Esperem que us hagi agradat:\u00a0<a href=\"https:\/\/photos.app.goo.gl\/GmCLS9qRNEAfkYKo6\"> Bon profit!!<\/a><\/p>\n","protected":false},"excerpt":{"rendered":"<p>Ja fa unes dies a la classe de P3 vam preparar un berenar for\u00e7a saludable: GELATINA!! \ud83d\ude0b<br \/>\nVam poder llegir les instruccions i remenar ben remenat per aconseguir la gelatina. Vam poder veure la difer\u00e8ncia de temperatures de l&#8217;aigua ja que en necessit\u00e0vem una mica de&hellip;  <a href=\"https:\/\/agora.xtec.cat\/ceip-torre-llauder-mataro\/infantil\/gelatina-p3\/\" title=\"Read GELATINA P3\">Llegeix m\u00e9s\u00bb<\/a><\/p>\n","protected":false},"author":21,"featured_media":0,"comment_status":"open","ping_status":"closed","sticky":false,"template":"","format":"standard","meta":{"_bbp_topic_count":0,"_bbp_reply_count":0,"_bbp_total_topic_count":0,"_bbp_total_reply_count":0,"_bbp_voice_count":0,"_bbp_anonymous_reply_count":0,"_bbp_topic_count_hidden":0,"_bbp_reply_count_hidden":0,"_bbp_forum_subforum_count":0,"footnotes":""},"categories":[83,2],"tags":[],"class_list":["post-5442","post","type-post","status-publish","format-standard","hentry","category-i3","category-infantil"],"post_mailing_queue_ids":[],"_links":{"self":[{"href":"https:\/\/agora.xtec.cat\/ceip-torre-llauder-mataro\/wp-json\/wp\/v2\/posts\/5442","targetHints":{"allow":["GET"]}}],"collection":[{"href":"https:\/\/agora.xtec.cat\/ceip-torre-llauder-mataro\/wp-json\/wp\/v2\/posts"}],"about":[{"href":"https:\/\/agora.xtec.cat\/ceip-torre-llauder-mataro\/wp-json\/wp\/v2\/types\/post"}],"author":[{"embeddable":true,"href":"https:\/\/agora.xtec.cat\/ceip-torre-llauder-mataro\/wp-json\/wp\/v2\/users\/21"}],"replies":[{"embeddable":true,"href":"https:\/\/agora.xtec.cat\/ceip-torre-llauder-mataro\/wp-json\/wp\/v2\/comments?post=5442"}],"version-history":[{"count":1,"href":"https:\/\/agora.xtec.cat\/ceip-torre-llauder-mataro\/wp-json\/wp\/v2\/posts\/5442\/revisions"}],"predecessor-version":[{"id":5443,"href":"https:\/\/agora.xtec.cat\/ceip-torre-llauder-mataro\/wp-json\/wp\/v2\/posts\/5442\/revisions\/5443"}],"wp:attachment":[{"href":"https:\/\/agora.xtec.cat\/ceip-torre-llauder-mataro\/wp-json\/wp\/v2\/media?parent=5442"}],"wp:term":[{"taxonomy":"category","embeddable":true,"href":"https:\/\/agora.xtec.cat\/ceip-torre-llauder-mataro\/wp-json\/wp\/v2\/categories?post=5442"},{"taxonomy":"post_tag","embeddable":true,"href":"https:\/\/agora.xtec.cat\/ceip-torre-llauder-mataro\/wp-json\/wp\/v2\/tags?post=5442"}],"curies":[{"name":"wp","href":"https:\/\/api.w.org\/{rel}","templated":true}]}}