{"id":5435,"date":"2022-06-17T10:01:12","date_gmt":"2022-06-17T08:01:12","guid":{"rendered":"https:\/\/agora.xtec.cat\/ceip-torre-llauder-mataro\/?p=5435"},"modified":"2022-06-17T10:01:12","modified_gmt":"2022-06-17T08:01:12","slug":"fem-gelats-a-p4","status":"publish","type":"post","link":"https:\/\/agora.xtec.cat\/ceip-torre-llauder-mataro\/infantil\/fem-gelats-a-p4\/","title":{"rendered":"Fem gelats a p4"},"content":{"rendered":"<p>Els Dracs hem fet gelats amb la Merc\u00e8 i no hem fet servir el congelador&#8230; quina m\u00e0gia que fem a experimentaci\u00f3!! Amb batut de xocolata i de maduixa, una mica de gel i sal&#8230;. remenem i&#8230; gelat preparat!!<\/p>\n<p><a href=\"https:\/\/photos.app.goo.gl\/gGrgeuD4hhxMmWP49\">Fotos gelat<\/a><\/p>\n","protected":false},"excerpt":{"rendered":"<p>Els Dracs hem fet gelats amb la Merc\u00e8 i no hem fet servir el congelador&#8230; quina m\u00e0gia que fem a experimentaci\u00f3!! Amb batut de xocolata i de maduixa, una mica de gel i sal&#8230;. remenem i&#8230; gelat preparat!!<br \/>\n<a href=\"https:\/\/photos.app.goo.gl\/gGrgeuD4hhxMmWP49\">Fotos gelat<\/a><\/p>\n","protected":false},"author":12,"featured_media":0,"comment_status":"open","ping_status":"closed","sticky":false,"template":"","format":"standard","meta":{"_bbp_topic_count":0,"_bbp_reply_count":0,"_bbp_total_topic_count":0,"_bbp_total_reply_count":0,"_bbp_voice_count":0,"_bbp_anonymous_reply_count":0,"_bbp_topic_count_hidden":0,"_bbp_reply_count_hidden":0,"_bbp_forum_subforum_count":0,"footnotes":""},"categories":[3,2],"tags":[],"class_list":["post-5435","post","type-post","status-publish","format-standard","hentry","category-i4","category-infantil"],"post_mailing_queue_ids":[],"_links":{"self":[{"href":"https:\/\/agora.xtec.cat\/ceip-torre-llauder-mataro\/wp-json\/wp\/v2\/posts\/5435","targetHints":{"allow":["GET"]}}],"collection":[{"href":"https:\/\/agora.xtec.cat\/ceip-torre-llauder-mataro\/wp-json\/wp\/v2\/posts"}],"about":[{"href":"https:\/\/agora.xtec.cat\/ceip-torre-llauder-mataro\/wp-json\/wp\/v2\/types\/post"}],"author":[{"embeddable":true,"href":"https:\/\/agora.xtec.cat\/ceip-torre-llauder-mataro\/wp-json\/wp\/v2\/users\/12"}],"replies":[{"embeddable":true,"href":"https:\/\/agora.xtec.cat\/ceip-torre-llauder-mataro\/wp-json\/wp\/v2\/comments?post=5435"}],"version-history":[{"count":1,"href":"https:\/\/agora.xtec.cat\/ceip-torre-llauder-mataro\/wp-json\/wp\/v2\/posts\/5435\/revisions"}],"predecessor-version":[{"id":5436,"href":"https:\/\/agora.xtec.cat\/ceip-torre-llauder-mataro\/wp-json\/wp\/v2\/posts\/5435\/revisions\/5436"}],"wp:attachment":[{"href":"https:\/\/agora.xtec.cat\/ceip-torre-llauder-mataro\/wp-json\/wp\/v2\/media?parent=5435"}],"wp:term":[{"taxonomy":"category","embeddable":true,"href":"https:\/\/agora.xtec.cat\/ceip-torre-llauder-mataro\/wp-json\/wp\/v2\/categories?post=5435"},{"taxonomy":"post_tag","embeddable":true,"href":"https:\/\/agora.xtec.cat\/ceip-torre-llauder-mataro\/wp-json\/wp\/v2\/tags?post=5435"}],"curies":[{"name":"wp","href":"https:\/\/api.w.org\/{rel}","templated":true}]}}