{"id":5386,"date":"2022-05-30T16:34:03","date_gmt":"2022-05-30T14:34:03","guid":{"rendered":"https:\/\/agora.xtec.cat\/ceip-torre-llauder-mataro\/?p=5386"},"modified":"2022-05-30T16:34:03","modified_gmt":"2022-05-30T14:34:03","slug":"6e-fa-teatre","status":"publish","type":"post","link":"https:\/\/agora.xtec.cat\/ceip-torre-llauder-mataro\/general\/6e-fa-teatre\/","title":{"rendered":"6\u00e8 FA TEATRE!"},"content":{"rendered":"<p>Durant aquest curs, els nois i noies de 6\u00e8 han estat preparant l&#8217;<strong>adaptaci\u00f3 teatral d&#8217;un conte de Gianni Rodari<\/strong>. La lectura dels <strong>&#8220;Contes per tel\u00e8fon&#8221;<\/strong> de l&#8217;escriptor ens han inspirat i, finalment, n&#8217;hem escollit dos:<\/p>\n<p><strong>&#8220;EL CAM\u00cd QUE NO ANAVA ENLLOC&#8221;<\/strong>: que ha perm\u00e8s que els alumnes de 6\u00e8 A s&#8217;inventessin tres escenes en les que la creativitat, la innovaci\u00f3, l&#8217;experimentaci\u00f3 i el risc n&#8217;eren les protagonistes.<\/p>\n<p><strong>&#8220;L&#8217;INVISIBLE TONET&#8221;<\/strong>: que ha fet que alumnes de 6\u00e8 B reflexionessin sobre diferents situacions en les que ens podem sentir &#8220;invisibles&#8221; i com aix\u00f2 ens afecta.<\/p>\n<p>La participaci\u00f3 a la <strong>MOSTRA DE TEATRE<\/strong>, juntament amb 6\u00e8 A de l&#8217;escola Salesians i la posterior posada en escena pels companys de l&#8217;escola han estat la culminaci\u00f3 d&#8217;aquest projecte.<\/p>\n<p>Aqu\u00ed podeu veure&#8217;n el resultat:<\/p>\n<p><a href=\"https:\/\/drive.google.com\/file\/d\/1c60VxZC9REj0Bu7_p0l4vzyvUeNDKKPu\/view?usp=sharing\">EL CAM\u00cd QUE NO ANAVA ENLLOC 6\u00e8 A (25 de maig de 2022)<\/a><\/p>\n<p><a href=\"https:\/\/drive.google.com\/file\/d\/1Uz7ON8x_MUnAYFrewxJKGkH_NrtKiaOG\/view?usp=sharing\">L&#8217;INVISIBLE TONET 6\u00e8 B (18 de maig de 2022)<\/a><\/p>\n<p><a href=\"https:\/\/drive.google.com\/file\/d\/1RFlEQnvuB9pJ0TNgrdT4OOwxkuiVVjHb\/view?usp=sharing\">L&#8217;INVISIBLE TONET 6\u00e8 B (25 de maig de 2022)<\/a><\/p>\n<p>Susana<\/p>\n","protected":false},"excerpt":{"rendered":"<p>Durant aquest curs, els nois i noies de 6\u00e8 han estat preparant l&#8217;adaptaci\u00f3 teatral d&#8217;un conte de Gianni Rodari. La lectura dels &#8220;Contes per tel\u00e8fon&#8221; de l&#8217;escriptor ens han inspirat i, finalment, n&#8217;hem escollit dos:<br \/>\n&#8220;EL CAM\u00cd QUE NO ANAVA ENLLOC&#8221;: que ha perm\u00e8s que els&hellip;  <a href=\"https:\/\/agora.xtec.cat\/ceip-torre-llauder-mataro\/general\/6e-fa-teatre\/\" title=\"Read 6\u00e8 FA TEATRE!\">Llegeix m\u00e9s\u00bb<\/a><\/p>\n","protected":false},"author":19,"featured_media":5387,"comment_status":"open","ping_status":"closed","sticky":false,"template":"","format":"standard","meta":{"_bbp_topic_count":0,"_bbp_reply_count":0,"_bbp_total_topic_count":0,"_bbp_total_reply_count":0,"_bbp_voice_count":0,"_bbp_anonymous_reply_count":0,"_bbp_topic_count_hidden":0,"_bbp_reply_count_hidden":0,"_bbp_forum_subforum_count":0,"footnotes":""},"categories":[1,4],"tags":[],"class_list":["post-5386","post","type-post","status-publish","format-standard","has-post-thumbnail","hentry","category-general","category-portada"],"post_mailing_queue_ids":[],"_links":{"self":[{"href":"https:\/\/agora.xtec.cat\/ceip-torre-llauder-mataro\/wp-json\/wp\/v2\/posts\/5386","targetHints":{"allow":["GET"]}}],"collection":[{"href":"https:\/\/agora.xtec.cat\/ceip-torre-llauder-mataro\/wp-json\/wp\/v2\/posts"}],"about":[{"href":"https:\/\/agora.xtec.cat\/ceip-torre-llauder-mataro\/wp-json\/wp\/v2\/types\/post"}],"author":[{"embeddable":true,"href":"https:\/\/agora.xtec.cat\/ceip-torre-llauder-mataro\/wp-json\/wp\/v2\/users\/19"}],"replies":[{"embeddable":true,"href":"https:\/\/agora.xtec.cat\/ceip-torre-llauder-mataro\/wp-json\/wp\/v2\/comments?post=5386"}],"version-history":[{"count":1,"href":"https:\/\/agora.xtec.cat\/ceip-torre-llauder-mataro\/wp-json\/wp\/v2\/posts\/5386\/revisions"}],"predecessor-version":[{"id":5388,"href":"https:\/\/agora.xtec.cat\/ceip-torre-llauder-mataro\/wp-json\/wp\/v2\/posts\/5386\/revisions\/5388"}],"wp:featuredmedia":[{"embeddable":true,"href":"https:\/\/agora.xtec.cat\/ceip-torre-llauder-mataro\/wp-json\/wp\/v2\/media\/5387"}],"wp:attachment":[{"href":"https:\/\/agora.xtec.cat\/ceip-torre-llauder-mataro\/wp-json\/wp\/v2\/media?parent=5386"}],"wp:term":[{"taxonomy":"category","embeddable":true,"href":"https:\/\/agora.xtec.cat\/ceip-torre-llauder-mataro\/wp-json\/wp\/v2\/categories?post=5386"},{"taxonomy":"post_tag","embeddable":true,"href":"https:\/\/agora.xtec.cat\/ceip-torre-llauder-mataro\/wp-json\/wp\/v2\/tags?post=5386"}],"curies":[{"name":"wp","href":"https:\/\/api.w.org\/{rel}","templated":true}]}}