{"id":5376,"date":"2022-05-25T17:52:58","date_gmt":"2022-05-25T15:52:58","guid":{"rendered":"https:\/\/agora.xtec.cat\/ceip-torre-llauder-mataro\/?p=5376"},"modified":"2022-05-25T18:08:37","modified_gmt":"2022-05-25T16:08:37","slug":"el-circ-petit-p3-p4-i-1r","status":"publish","type":"post","link":"https:\/\/agora.xtec.cat\/ceip-torre-llauder-mataro\/general\/el-circ-petit-p3-p4-i-1r\/","title":{"rendered":"EL CIRC PETIT (P3, P4 i 1r)"},"content":{"rendered":"<p>Fant\u00e0stic dia al Circ Petit de Canet de Mar per als alumnes de P3, P4 i 1r. Hem pogut experimentar diferents t\u00e8cniques i ho hem passat molt b\u00e9!!<\/p>\n<p>Despr\u00e9s de dinar hem gaudit d&#8217;un espectacle on hem pogut veure el resultat d&#8217;anys i anys d&#8217;entrenament.<\/p>\n<p>Podeu veure aqu\u00ed les <a href=\"https:\/\/photos.app.goo.gl\/bEAyG5VswksFdYXE7\">Fotos Circ Petit P3, P4 i 1r<\/a><\/p>\n","protected":false},"excerpt":{"rendered":"<p>Fant\u00e0stic dia al Circ Petit de Canet de Mar per als alumnes de P3, P4 i 1r. Hem pogut experimentar diferents t\u00e8cniques i ho hem passat molt b\u00e9!!<br \/>\nDespr\u00e9s de dinar hem gaudit d&#8217;un espectacle on hem pogut veure el resultat d&#8217;anys i anys d&#8217;entrenament.<br \/>\nPodeu veure&hellip;  <a href=\"https:\/\/agora.xtec.cat\/ceip-torre-llauder-mataro\/general\/el-circ-petit-p3-p4-i-1r\/\" title=\"Read EL CIRC PETIT (P3, P4 i 1r)\">Llegeix m\u00e9s\u00bb<\/a><\/p>\n","protected":false},"author":21,"featured_media":0,"comment_status":"open","ping_status":"closed","sticky":false,"template":"","format":"standard","meta":{"_bbp_topic_count":0,"_bbp_reply_count":0,"_bbp_total_topic_count":0,"_bbp_total_reply_count":0,"_bbp_voice_count":0,"_bbp_anonymous_reply_count":0,"_bbp_topic_count_hidden":0,"_bbp_reply_count_hidden":0,"_bbp_forum_subforum_count":0,"footnotes":""},"categories":[9,1,83,3,2,5],"tags":[],"class_list":["post-5376","post","type-post","status-publish","format-standard","hentry","category-1r","category-general","category-i3","category-i4","category-infantil","category-primaria"],"post_mailing_queue_ids":[],"_links":{"self":[{"href":"https:\/\/agora.xtec.cat\/ceip-torre-llauder-mataro\/wp-json\/wp\/v2\/posts\/5376","targetHints":{"allow":["GET"]}}],"collection":[{"href":"https:\/\/agora.xtec.cat\/ceip-torre-llauder-mataro\/wp-json\/wp\/v2\/posts"}],"about":[{"href":"https:\/\/agora.xtec.cat\/ceip-torre-llauder-mataro\/wp-json\/wp\/v2\/types\/post"}],"author":[{"embeddable":true,"href":"https:\/\/agora.xtec.cat\/ceip-torre-llauder-mataro\/wp-json\/wp\/v2\/users\/21"}],"replies":[{"embeddable":true,"href":"https:\/\/agora.xtec.cat\/ceip-torre-llauder-mataro\/wp-json\/wp\/v2\/comments?post=5376"}],"version-history":[{"count":1,"href":"https:\/\/agora.xtec.cat\/ceip-torre-llauder-mataro\/wp-json\/wp\/v2\/posts\/5376\/revisions"}],"predecessor-version":[{"id":5377,"href":"https:\/\/agora.xtec.cat\/ceip-torre-llauder-mataro\/wp-json\/wp\/v2\/posts\/5376\/revisions\/5377"}],"wp:attachment":[{"href":"https:\/\/agora.xtec.cat\/ceip-torre-llauder-mataro\/wp-json\/wp\/v2\/media?parent=5376"}],"wp:term":[{"taxonomy":"category","embeddable":true,"href":"https:\/\/agora.xtec.cat\/ceip-torre-llauder-mataro\/wp-json\/wp\/v2\/categories?post=5376"},{"taxonomy":"post_tag","embeddable":true,"href":"https:\/\/agora.xtec.cat\/ceip-torre-llauder-mataro\/wp-json\/wp\/v2\/tags?post=5376"}],"curies":[{"name":"wp","href":"https:\/\/api.w.org\/{rel}","templated":true}]}}