{"id":5340,"date":"2022-05-13T15:44:39","date_gmt":"2022-05-13T13:44:39","guid":{"rendered":"https:\/\/agora.xtec.cat\/ceip-torre-llauder-mataro\/?p=5340"},"modified":"2022-05-25T11:46:28","modified_gmt":"2022-05-25T09:46:28","slug":"taller-del-marenostrum","status":"publish","type":"post","link":"https:\/\/agora.xtec.cat\/ceip-torre-llauder-mataro\/general\/taller-del-marenostrum\/","title":{"rendered":"Taller MARENOSTRUM!"},"content":{"rendered":"<p>Hola\u00a0 fam\u00edlies!<\/p>\n<p>El dimecres <strong>11 de maig<\/strong>, les nenes i els nens de tercer i quart van participar en el taller del <strong>superordinador<\/strong>. Us mostrem un petit tastet sobre l&#8217;activitat\u00a0proposada pel<strong> MareNostrum.<\/strong><\/p>\n<p>Hem apr\u00e8s alguns conceptes i <strong>paraules clau<\/strong> com: la mem\u00f2ria i la velocitat de c\u00e0lcul, el c\u00e0lcul en paral\u00b7lel, la programaci\u00f3, les simulacions, la\u00a0conductivitat i l&#8217;an\u00e0lisi de dades.<\/p>\n<p>Us deixem l&#8217;enlla\u00e7 on podreu veure de m\u00e9s a prop la nostra experi\u00e8ncia viscuda.<\/p>\n<p style=\"text-align: center;\"><a href=\"https:\/\/photos.google.com\/u\/2\/share\/AF1QipO2JUmJxQfi5zjEc_dniIMz59Ny6PMqV1aTIkjlmpLD64s6-TR6if1btnd5yf2dUg?pli=1&amp;key=ekJJV2VSU1RFb0czZDBjbUZBelh0VTdwSF9JbmF3\" target=\"_blank\" rel=\"noopener\"><img loading=\"lazy\" decoding=\"async\" class=\"aligncenter wp-image-5355 size-large\" src=\"https:\/\/agora.xtec.cat\/ceip-torre-llauder-mataro\/wp-content\/uploads\/usu1425\/2022\/05\/Captura-de-pantalla-2022-05-13-a-las-15.43.03-1024x419.png\" alt=\"\" width=\"1024\" height=\"419\" srcset=\"https:\/\/agora.xtec.cat\/ceip-torre-llauder-mataro\/wp-content\/uploads\/usu1425\/2022\/05\/Captura-de-pantalla-2022-05-13-a-las-15.43.03-1024x419.png 1024w, https:\/\/agora.xtec.cat\/ceip-torre-llauder-mataro\/wp-content\/uploads\/usu1425\/2022\/05\/Captura-de-pantalla-2022-05-13-a-las-15.43.03-300x123.png 300w, https:\/\/agora.xtec.cat\/ceip-torre-llauder-mataro\/wp-content\/uploads\/usu1425\/2022\/05\/Captura-de-pantalla-2022-05-13-a-las-15.43.03-768x314.png 768w, https:\/\/agora.xtec.cat\/ceip-torre-llauder-mataro\/wp-content\/uploads\/usu1425\/2022\/05\/Captura-de-pantalla-2022-05-13-a-las-15.43.03-1536x628.png 1536w, https:\/\/agora.xtec.cat\/ceip-torre-llauder-mataro\/wp-content\/uploads\/usu1425\/2022\/05\/Captura-de-pantalla-2022-05-13-a-las-15.43.03.png 1556w\" sizes=\"auto, (max-width: 1024px) 100vw, 1024px\" \/><\/a><\/p>\n","protected":false},"excerpt":{"rendered":"<p>Hola\u00a0 fam\u00edlies!<br \/>\nEl dimecres 11 de maig, les nenes i els nens de tercer i quart van participar en el taller del superordinador. Us mostrem un petit tastet sobre l&#8217;activitat\u00a0proposada pel MareNostrum.<br \/>\nHem apr\u00e8s alguns conceptes i paraules clau com: la mem\u00f2ria i la velocitat de c\u00e0lcul,&hellip;  <a href=\"https:\/\/agora.xtec.cat\/ceip-torre-llauder-mataro\/general\/taller-del-marenostrum\/\" title=\"Read Taller MARENOSTRUM!\">Llegeix m\u00e9s\u00bb<\/a><\/p>\n","protected":false},"author":6,"featured_media":0,"comment_status":"open","ping_status":"closed","sticky":false,"template":"","format":"standard","meta":{"_bbp_topic_count":0,"_bbp_reply_count":0,"_bbp_total_topic_count":0,"_bbp_total_reply_count":0,"_bbp_voice_count":0,"_bbp_anonymous_reply_count":0,"_bbp_topic_count_hidden":0,"_bbp_reply_count_hidden":0,"_bbp_forum_subforum_count":0,"footnotes":""},"categories":[11,12,1,4,5],"tags":[16],"class_list":["post-5340","post","type-post","status-publish","format-standard","hentry","category-3r","category-4t","category-general","category-portada","category-primaria","tag-sortides"],"post_mailing_queue_ids":[],"_links":{"self":[{"href":"https:\/\/agora.xtec.cat\/ceip-torre-llauder-mataro\/wp-json\/wp\/v2\/posts\/5340","targetHints":{"allow":["GET"]}}],"collection":[{"href":"https:\/\/agora.xtec.cat\/ceip-torre-llauder-mataro\/wp-json\/wp\/v2\/posts"}],"about":[{"href":"https:\/\/agora.xtec.cat\/ceip-torre-llauder-mataro\/wp-json\/wp\/v2\/types\/post"}],"author":[{"embeddable":true,"href":"https:\/\/agora.xtec.cat\/ceip-torre-llauder-mataro\/wp-json\/wp\/v2\/users\/6"}],"replies":[{"embeddable":true,"href":"https:\/\/agora.xtec.cat\/ceip-torre-llauder-mataro\/wp-json\/wp\/v2\/comments?post=5340"}],"version-history":[{"count":3,"href":"https:\/\/agora.xtec.cat\/ceip-torre-llauder-mataro\/wp-json\/wp\/v2\/posts\/5340\/revisions"}],"predecessor-version":[{"id":5375,"href":"https:\/\/agora.xtec.cat\/ceip-torre-llauder-mataro\/wp-json\/wp\/v2\/posts\/5340\/revisions\/5375"}],"wp:attachment":[{"href":"https:\/\/agora.xtec.cat\/ceip-torre-llauder-mataro\/wp-json\/wp\/v2\/media?parent=5340"}],"wp:term":[{"taxonomy":"category","embeddable":true,"href":"https:\/\/agora.xtec.cat\/ceip-torre-llauder-mataro\/wp-json\/wp\/v2\/categories?post=5340"},{"taxonomy":"post_tag","embeddable":true,"href":"https:\/\/agora.xtec.cat\/ceip-torre-llauder-mataro\/wp-json\/wp\/v2\/tags?post=5340"}],"curies":[{"name":"wp","href":"https:\/\/api.w.org\/{rel}","templated":true}]}}