{"id":5265,"date":"2022-04-25T09:35:36","date_gmt":"2022-04-25T07:35:36","guid":{"rendered":"https:\/\/agora.xtec.cat\/ceip-torre-llauder-mataro\/?p=5265"},"modified":"2022-04-25T12:15:39","modified_gmt":"2022-04-25T10:15:39","slug":"casal-destiu-del-27-de-juny-al-22-de-juliol","status":"publish","type":"post","link":"https:\/\/agora.xtec.cat\/ceip-torre-llauder-mataro\/general\/casal-destiu-del-27-de-juny-al-22-de-juliol\/","title":{"rendered":"CASAL D&#8217;ESTIU del 27 de juny al 22 de juliol"},"content":{"rendered":"<p style=\"font-weight: 400;\">Benvolgudes fam\u00edlies!<\/p>\n<p style=\"font-weight: 400;\">Us presentem el cartell del <strong>CASAL D&#8217;ESTIU TORRE LLAUDER &#8211; ENLLEURA&#8217;T<\/strong><\/p>\n<p style=\"font-weight: 400;\">El per\u00edode de <strong>preinscripcions ser\u00e0 del 2 al 16 de maig<\/strong> a trav\u00e9s de:<\/p>\n<ul style=\"list-style-type: circle;\">\n<li style=\"font-weight: 400;\">la p\u00e0gina web de l&#8217;ajuntament (<a href=\"https:\/\/www.mataro.cat\/ca\/estiu-actiu\/casals-destiu\/preinscripcio-i-inscripcio\" target=\"_blank\" rel=\"noopener\" data-saferedirecturl=\"https:\/\/www.google.com\/url?q=https:\/\/www.mataro.cat\/ca\/estiu-actiu\/casals-destiu\/preinscripcio-i-inscripcio&amp;source=gmail&amp;ust=1650958242931000&amp;usg=AOvVaw0c3iiBwsAInyFXoQm1hZoq\">https:\/\/www.mataro.cat\/ca\/estiu-actiu\/casals-destiu\/preinscripcio-i-inscripcio<\/a>)<\/li>\n<li style=\"font-weight: 400;\">o al tel\u00e8fon 010 .<\/li>\n<\/ul>\n<p style=\"font-weight: 400;\">A m\u00e9s, us convidem a la <strong>reuni\u00f3 informativa<\/strong> que farem el <strong>dimecres 4 de maig a les 18:45h.\u00a0<\/strong> de manera presencial a l&#8217;escola Torre Llauder.<\/p>\n<p style=\"font-weight: 400;\">Resoldrem els dubtes que tingueu i explicarem el funcionament del dispositiu de preinscripcions i les beques d&#8217;estiu.<\/p>\n<p style=\"font-weight: 400;\">Mentrestant, us recomanem que seguiu les nostres xarxes socials per a rebre tota la informaci\u00f3 que anirem actualitzant.<\/p>\n<p style=\"font-weight: 400;\">Instagram:\u00a0<a href=\"https:\/\/www.instagram.com\/torrellauderenlleurat\/\" target=\"_blank\" rel=\"noopener\" data-saferedirecturl=\"https:\/\/www.google.com\/url?q=https:\/\/www.instagram.com\/torrellauderenlleurat\/&amp;source=gmail&amp;ust=1650958242931000&amp;usg=AOvVaw3uABRAUNbPEscyVFDv7h6t\">https:\/\/www.instagram.com\/torrellauderenlleurat\/<\/a><\/p>\n<p style=\"font-weight: 400;\">Facebook (en cas de tenir):\u00a0<a href=\"https:\/\/www.facebook.com\/torrellauderenlleurat\" target=\"_blank\" rel=\"noopener\" data-saferedirecturl=\"https:\/\/www.google.com\/url?q=https:\/\/www.facebook.com\/torrellauderenlleurat&amp;source=gmail&amp;ust=1650958242931000&amp;usg=AOvVaw0UFG3rgY9saszVHVYocBob\">https:\/\/www.facebook.com\/torrellauderenlleurat<\/a><\/p>\n<p style=\"font-weight: 400;\">L&#8217;equip educatiu del casal treballa per a preparar el millor estiu per als vostres infants!!! \ufe0f<\/p>\n<p style=\"font-weight: 400;\">Moltes gr\u00e0cies, fam\u00edlies!<\/p>\n<p style=\"font-weight: 400;\">Direcci\u00f3 Casal d&#8217;Estiu Torre Llauder &#8211; Enlleura&#8217;t<\/p>\n<p style=\"font-weight: 400;\"><strong>Andr\u00e9s Fern\u00e1ndez<\/strong><\/p>\n<p style=\"font-weight: 400;\"><strong>25 anys Associaci\u00f3 Enlleura\u2019t<\/strong><\/p>\n<p style=\"font-weight: 400;\">Tel: 664893508 \/\/<a href=\"mailto:%20afernandez@enlleurat.org\">\u00a0afernandez<span class=\"\">@enlleurat.org<\/span><\/a><\/p>\n<p><img loading=\"lazy\" decoding=\"async\" class=\"alignnone wp-image-5266 size-large\" src=\"https:\/\/agora.xtec.cat\/ceip-torre-llauder-mataro\/wp-content\/uploads\/usu1425\/2022\/04\/CARTELL-CASAL-DESTIU-TORRE-LLAUDER-2022-724x1024.png\" alt=\"\" width=\"724\" height=\"1024\" srcset=\"https:\/\/agora.xtec.cat\/ceip-torre-llauder-mataro\/wp-content\/uploads\/usu1425\/2022\/04\/CARTELL-CASAL-DESTIU-TORRE-LLAUDER-2022-724x1024.png 724w, https:\/\/agora.xtec.cat\/ceip-torre-llauder-mataro\/wp-content\/uploads\/usu1425\/2022\/04\/CARTELL-CASAL-DESTIU-TORRE-LLAUDER-2022-212x300.png 212w, https:\/\/agora.xtec.cat\/ceip-torre-llauder-mataro\/wp-content\/uploads\/usu1425\/2022\/04\/CARTELL-CASAL-DESTIU-TORRE-LLAUDER-2022-768x1086.png 768w, https:\/\/agora.xtec.cat\/ceip-torre-llauder-mataro\/wp-content\/uploads\/usu1425\/2022\/04\/CARTELL-CASAL-DESTIU-TORRE-LLAUDER-2022-1086x1536.png 1086w, https:\/\/agora.xtec.cat\/ceip-torre-llauder-mataro\/wp-content\/uploads\/usu1425\/2022\/04\/CARTELL-CASAL-DESTIU-TORRE-LLAUDER-2022-1448x2048.png 1448w, https:\/\/agora.xtec.cat\/ceip-torre-llauder-mataro\/wp-content\/uploads\/usu1425\/2022\/04\/CARTELL-CASAL-DESTIU-TORRE-LLAUDER-2022.png 1587w\" sizes=\"auto, (max-width: 724px) 100vw, 724px\" \/><\/p>\n","protected":false},"excerpt":{"rendered":"<p>Benvolgudes fam\u00edlies! Us presentem el cartell del CASAL D&#8217;ESTIU TORRE LLAUDER &#8211; ENLLEURA&#8217;T El per\u00edode de preinscripcions ser\u00e0 del 2 al 16 de maig a trav\u00e9s de: la p\u00e0gina web de l&#8217;ajuntament (https:\/\/www.mataro.cat\/ca\/estiu-actiu\/casals-destiu\/preinscripcio-i-inscripcio) o al tel\u00e8fon 010 . A m\u00e9s, us convidem a la reuni\u00f3 informativa que farem el dimecres 4 de maig a les [&hellip;]<\/p>\n","protected":false},"author":19,"featured_media":5266,"comment_status":"open","ping_status":"closed","sticky":false,"template":"","format":"standard","meta":{"_bbp_topic_count":0,"_bbp_reply_count":0,"_bbp_total_topic_count":0,"_bbp_total_reply_count":0,"_bbp_voice_count":0,"_bbp_anonymous_reply_count":0,"_bbp_topic_count_hidden":0,"_bbp_reply_count_hidden":0,"_bbp_forum_subforum_count":0,"site-sidebar-layout":"default","site-content-layout":"","ast-site-content-layout":"","site-content-style":"default","site-sidebar-style":"default","ast-global-header-display":"","ast-banner-title-visibility":"","ast-main-header-display":"","ast-hfb-above-header-display":"","ast-hfb-below-header-display":"","ast-hfb-mobile-header-display":"","site-post-title":"","ast-breadcrumbs-content":"","ast-featured-img":"","footer-sml-layout":"","theme-transparent-header-meta":"","adv-header-id-meta":"","stick-header-meta":"","header-above-stick-meta":"","header-main-stick-meta":"","header-below-stick-meta":"","astra-migrate-meta-layouts":"default","ast-page-background-enabled":"default","ast-page-background-meta":{"desktop":{"background-color":"var(--ast-global-color-4)","background-image":"","background-repeat":"repeat","background-position":"center center","background-size":"auto","background-attachment":"scroll","background-type":"","background-media":"","overlay-type":"","overlay-color":"","overlay-opacity":"","overlay-gradient":""},"tablet":{"background-color":"","background-image":"","background-repeat":"repeat","background-position":"center center","background-size":"auto","background-attachment":"scroll","background-type":"","background-media":"","overlay-type":"","overlay-color":"","overlay-opacity":"","overlay-gradient":""},"mobile":{"background-color":"","background-image":"","background-repeat":"repeat","background-position":"center center","background-size":"auto","background-attachment":"scroll","background-type":"","background-media":"","overlay-type":"","overlay-color":"","overlay-opacity":"","overlay-gradient":""}},"ast-content-background-meta":{"desktop":{"background-color":"var(--ast-global-color-5)","background-image":"","background-repeat":"repeat","background-position":"center center","background-size":"auto","background-attachment":"scroll","background-type":"","background-media":"","overlay-type":"","overlay-color":"","overlay-opacity":"","overlay-gradient":""},"tablet":{"background-color":"var(--ast-global-color-5)","background-image":"","background-repeat":"repeat","background-position":"center center","background-size":"auto","background-attachment":"scroll","background-type":"","background-media":"","overlay-type":"","overlay-color":"","overlay-opacity":"","overlay-gradient":""},"mobile":{"background-color":"var(--ast-global-color-5)","background-image":"","background-repeat":"repeat","background-position":"center center","background-size":"auto","background-attachment":"scroll","background-type":"","background-media":"","overlay-type":"","overlay-color":"","overlay-opacity":"","overlay-gradient":""}},"footnotes":""},"categories":[1,4],"tags":[],"class_list":["post-5265","post","type-post","status-publish","format-standard","has-post-thumbnail","hentry","category-general","category-portada"],"post_mailing_queue_ids":[],"_links":{"self":[{"href":"https:\/\/agora.xtec.cat\/ceip-torre-llauder-mataro\/wp-json\/wp\/v2\/posts\/5265","targetHints":{"allow":["GET"]}}],"collection":[{"href":"https:\/\/agora.xtec.cat\/ceip-torre-llauder-mataro\/wp-json\/wp\/v2\/posts"}],"about":[{"href":"https:\/\/agora.xtec.cat\/ceip-torre-llauder-mataro\/wp-json\/wp\/v2\/types\/post"}],"author":[{"embeddable":true,"href":"https:\/\/agora.xtec.cat\/ceip-torre-llauder-mataro\/wp-json\/wp\/v2\/users\/19"}],"replies":[{"embeddable":true,"href":"https:\/\/agora.xtec.cat\/ceip-torre-llauder-mataro\/wp-json\/wp\/v2\/comments?post=5265"}],"version-history":[{"count":3,"href":"https:\/\/agora.xtec.cat\/ceip-torre-llauder-mataro\/wp-json\/wp\/v2\/posts\/5265\/revisions"}],"predecessor-version":[{"id":5271,"href":"https:\/\/agora.xtec.cat\/ceip-torre-llauder-mataro\/wp-json\/wp\/v2\/posts\/5265\/revisions\/5271"}],"wp:featuredmedia":[{"embeddable":true,"href":"https:\/\/agora.xtec.cat\/ceip-torre-llauder-mataro\/wp-json\/wp\/v2\/media\/5266"}],"wp:attachment":[{"href":"https:\/\/agora.xtec.cat\/ceip-torre-llauder-mataro\/wp-json\/wp\/v2\/media?parent=5265"}],"wp:term":[{"taxonomy":"category","embeddable":true,"href":"https:\/\/agora.xtec.cat\/ceip-torre-llauder-mataro\/wp-json\/wp\/v2\/categories?post=5265"},{"taxonomy":"post_tag","embeddable":true,"href":"https:\/\/agora.xtec.cat\/ceip-torre-llauder-mataro\/wp-json\/wp\/v2\/tags?post=5265"}],"curies":[{"name":"wp","href":"https:\/\/api.w.org\/{rel}","templated":true}]}}