{"id":5183,"date":"2022-04-21T11:46:06","date_gmt":"2022-04-21T09:46:06","guid":{"rendered":"https:\/\/agora.xtec.cat\/ceip-torre-llauder-mataro\/?p=5183"},"modified":"2022-04-22T13:31:00","modified_gmt":"2022-04-22T11:31:00","slug":"cicle-de-xerrades-a-les-families","status":"publish","type":"post","link":"https:\/\/agora.xtec.cat\/ceip-torre-llauder-mataro\/general\/cicle-de-xerrades-a-les-families\/","title":{"rendered":"Cicle de xerrades a les fam\u00edlies"},"content":{"rendered":"<p class=\"gmail_default\">Encetem un\u00a0<strong>cicle de xerrades a les fam\u00edlies\u00a0<\/strong>dinamitzades pel MES (Moviment Educatiu Sist\u00e8mic).<span style=\"font-family: inherit; font-size: 1em;\">L&#8217;objectiu \u00e9s crear un espai per aprendre i cr\u00e9ixer a trav\u00e9s de la conversa sobre aspectes que sovint afloren en la vida familiar.<\/span><span style=\"font-family: inherit; font-size: 1em;\">Aquestes xerrades estan\u00a0<\/span><span style=\"color: #38761d; font-size: large;\"><b>obertes a la participaci\u00f3 de fam\u00edlies de fora del centre<\/b><\/span><span style=\"font-size: medium;\"><b>\u00a0<\/b>i les\u00a0<\/span><strong style=\"font-family: inherit; font-size: 1em;\">places s\u00f3n limitades.\u00a0<\/strong><\/p>\n<div class=\"gmail_default\">\n<ul style=\"list-style-type: circle;\">\n<li><strong>QUAN, COM I ON POSEM ELS L\u00cdMITS.<\/strong>\u00a0Divendres 29 d&#8217;abril a les 15:15h.<\/li>\n<li><strong>LA GESTI\u00d3 DE LES EMOCIONS. <\/strong>Divendres 6 de maig a les 15:15h.<\/li>\n<li><strong>TOTES SOM FAM\u00cdLIA. <\/strong>Divendres 27 de maig a les 15:15h.<\/li>\n<\/ul>\n<p>Cal que confirmeu la vostra assist\u00e8ncia a trav\u00e9s del mail de l&#8217;escola:\u00a0<a href=\"mailto:a8034321@xtec.cat\" target=\"_blank\" rel=\"noopener\">a8034321@xtec.cat<\/a>.<\/p>\n<p>Estem segurs\/es que seran molt interessants!<\/p>\n<p><img loading=\"lazy\" decoding=\"async\" class=\"alignnone wp-image-5184 size-large\" src=\"https:\/\/agora.xtec.cat\/ceip-torre-llauder-mataro\/wp-content\/uploads\/usu1425\/2022\/04\/Com-quan-i-on-posem-els-limits-724x1024.jpg\" alt=\"\" width=\"724\" height=\"1024\" \/><\/p>\n<\/div>\n","protected":false},"excerpt":{"rendered":"<p>Encetem un\u00a0cicle de xerrades a les fam\u00edlies\u00a0dinamitzades pel MES (Moviment Educatiu Sist\u00e8mic).L&#8217;objectiu \u00e9s crear un espai per aprendre i cr\u00e9ixer a trav\u00e9s de la conversa sobre aspectes que sovint afloren en la vida familiar.Aquestes xerrades estan\u00a0obertes a la participaci\u00f3 de fam\u00edlies de fora del centre\u00a0i&hellip;  <a href=\"https:\/\/agora.xtec.cat\/ceip-torre-llauder-mataro\/general\/cicle-de-xerrades-a-les-families\/\" title=\"Read Cicle de xerrades a les fam\u00edlies\">Llegeix m\u00e9s\u00bb<\/a><\/p>\n","protected":false},"author":19,"featured_media":5261,"comment_status":"open","ping_status":"closed","sticky":false,"template":"","format":"standard","meta":{"_bbp_topic_count":0,"_bbp_reply_count":0,"_bbp_total_topic_count":0,"_bbp_total_reply_count":0,"_bbp_voice_count":0,"_bbp_anonymous_reply_count":0,"_bbp_topic_count_hidden":0,"_bbp_reply_count_hidden":0,"_bbp_forum_subforum_count":0,"footnotes":""},"categories":[1,4],"tags":[],"class_list":["post-5183","post","type-post","status-publish","format-standard","has-post-thumbnail","hentry","category-general","category-portada"],"post_mailing_queue_ids":[],"_links":{"self":[{"href":"https:\/\/agora.xtec.cat\/ceip-torre-llauder-mataro\/wp-json\/wp\/v2\/posts\/5183","targetHints":{"allow":["GET"]}}],"collection":[{"href":"https:\/\/agora.xtec.cat\/ceip-torre-llauder-mataro\/wp-json\/wp\/v2\/posts"}],"about":[{"href":"https:\/\/agora.xtec.cat\/ceip-torre-llauder-mataro\/wp-json\/wp\/v2\/types\/post"}],"author":[{"embeddable":true,"href":"https:\/\/agora.xtec.cat\/ceip-torre-llauder-mataro\/wp-json\/wp\/v2\/users\/19"}],"replies":[{"embeddable":true,"href":"https:\/\/agora.xtec.cat\/ceip-torre-llauder-mataro\/wp-json\/wp\/v2\/comments?post=5183"}],"version-history":[{"count":4,"href":"https:\/\/agora.xtec.cat\/ceip-torre-llauder-mataro\/wp-json\/wp\/v2\/posts\/5183\/revisions"}],"predecessor-version":[{"id":5188,"href":"https:\/\/agora.xtec.cat\/ceip-torre-llauder-mataro\/wp-json\/wp\/v2\/posts\/5183\/revisions\/5188"}],"wp:featuredmedia":[{"embeddable":true,"href":"https:\/\/agora.xtec.cat\/ceip-torre-llauder-mataro\/wp-json\/wp\/v2\/media\/5261"}],"wp:attachment":[{"href":"https:\/\/agora.xtec.cat\/ceip-torre-llauder-mataro\/wp-json\/wp\/v2\/media?parent=5183"}],"wp:term":[{"taxonomy":"category","embeddable":true,"href":"https:\/\/agora.xtec.cat\/ceip-torre-llauder-mataro\/wp-json\/wp\/v2\/categories?post=5183"},{"taxonomy":"post_tag","embeddable":true,"href":"https:\/\/agora.xtec.cat\/ceip-torre-llauder-mataro\/wp-json\/wp\/v2\/tags?post=5183"}],"curies":[{"name":"wp","href":"https:\/\/api.w.org\/{rel}","templated":true}]}}