{"id":5146,"date":"2022-04-01T09:48:39","date_gmt":"2022-04-01T07:48:39","guid":{"rendered":"https:\/\/agora.xtec.cat\/ceip-torre-llauder-mataro\/?p=5146"},"modified":"2022-04-01T09:48:39","modified_gmt":"2022-04-01T07:48:39","slug":"apadrinament-lector-a-p4","status":"publish","type":"post","link":"https:\/\/agora.xtec.cat\/ceip-torre-llauder-mataro\/infantil\/apadrinament-lector-a-p4\/","title":{"rendered":"Apadrinament lector a P4"},"content":{"rendered":"<p>Els nens i nenes de P4 hem gaudit d&#8217;unes lectures ben especials, els alumnes\u00a0de sis\u00e8 ens han explicat molts contes al pati de l&#8217;escola. Ho han fet tan b\u00e9 que ens hem estat una bona estona gaudint de la lectura!! Gr\u00e0cies!!<\/p>\n<p><a href=\"https:\/\/photos.app.goo.gl\/h78T76zogQBUksr88\">Fotos lectures<\/a><\/p>\n","protected":false},"excerpt":{"rendered":"<p>Els nens i nenes de P4 hem gaudit d&#8217;unes lectures ben especials, els alumnes\u00a0de sis\u00e8 ens han explicat molts contes al pati de l&#8217;escola. Ho han fet tan b\u00e9 que ens hem estat una bona estona gaudint de la lectura!! Gr\u00e0cies!!<br \/>\n<a href=\"https:\/\/photos.app.goo.gl\/h78T76zogQBUksr88\">Fotos lectures<\/a><\/p>\n","protected":false},"author":12,"featured_media":0,"comment_status":"open","ping_status":"closed","sticky":false,"template":"","format":"standard","meta":{"_bbp_topic_count":0,"_bbp_reply_count":0,"_bbp_total_topic_count":0,"_bbp_total_reply_count":0,"_bbp_voice_count":0,"_bbp_anonymous_reply_count":0,"_bbp_topic_count_hidden":0,"_bbp_reply_count_hidden":0,"_bbp_forum_subforum_count":0,"footnotes":""},"categories":[3,2],"tags":[],"class_list":["post-5146","post","type-post","status-publish","format-standard","hentry","category-i4","category-infantil"],"post_mailing_queue_ids":[],"_links":{"self":[{"href":"https:\/\/agora.xtec.cat\/ceip-torre-llauder-mataro\/wp-json\/wp\/v2\/posts\/5146","targetHints":{"allow":["GET"]}}],"collection":[{"href":"https:\/\/agora.xtec.cat\/ceip-torre-llauder-mataro\/wp-json\/wp\/v2\/posts"}],"about":[{"href":"https:\/\/agora.xtec.cat\/ceip-torre-llauder-mataro\/wp-json\/wp\/v2\/types\/post"}],"author":[{"embeddable":true,"href":"https:\/\/agora.xtec.cat\/ceip-torre-llauder-mataro\/wp-json\/wp\/v2\/users\/12"}],"replies":[{"embeddable":true,"href":"https:\/\/agora.xtec.cat\/ceip-torre-llauder-mataro\/wp-json\/wp\/v2\/comments?post=5146"}],"version-history":[{"count":1,"href":"https:\/\/agora.xtec.cat\/ceip-torre-llauder-mataro\/wp-json\/wp\/v2\/posts\/5146\/revisions"}],"predecessor-version":[{"id":5147,"href":"https:\/\/agora.xtec.cat\/ceip-torre-llauder-mataro\/wp-json\/wp\/v2\/posts\/5146\/revisions\/5147"}],"wp:attachment":[{"href":"https:\/\/agora.xtec.cat\/ceip-torre-llauder-mataro\/wp-json\/wp\/v2\/media?parent=5146"}],"wp:term":[{"taxonomy":"category","embeddable":true,"href":"https:\/\/agora.xtec.cat\/ceip-torre-llauder-mataro\/wp-json\/wp\/v2\/categories?post=5146"},{"taxonomy":"post_tag","embeddable":true,"href":"https:\/\/agora.xtec.cat\/ceip-torre-llauder-mataro\/wp-json\/wp\/v2\/tags?post=5146"}],"curies":[{"name":"wp","href":"https:\/\/api.w.org\/{rel}","templated":true}]}}