{"id":5129,"date":"2022-03-27T21:14:31","date_gmt":"2022-03-27T19:14:31","guid":{"rendered":"https:\/\/agora.xtec.cat\/ceip-torre-llauder-mataro\/?p=5129"},"modified":"2022-04-03T20:17:54","modified_gmt":"2022-04-03T18:17:54","slug":"recomanacions-literaries-dalumnes-de-4t-i-5e","status":"publish","type":"post","link":"https:\/\/agora.xtec.cat\/ceip-torre-llauder-mataro\/general\/recomanacions-literaries-dalumnes-de-4t-i-5e\/","title":{"rendered":"Recomanacions liter\u00e0ries d&#8217;alumnes de 4t i 5\u00e8"},"content":{"rendered":"<p>Els alumnes de 4t i de 5\u00e8 s&#8217;han animat a fer-nos diverses recomanacions liter\u00e0ries, el fet de con\u00e8ixer l&#8217;opini\u00f3 de companys\/es de la mateixa edat \u00e9s molt enriquidora.<\/p>\n<p>Us animem a visualitzar-les perqu\u00e8 ho fan molt b\u00e9!!!!<\/p>\n<p><iframe loading=\"lazy\" title=\"Martina i Valeria\" width=\"500\" height=\"281\" src=\"https:\/\/www.youtube.com\/embed\/RpUBg7AJ1E4?feature=oembed\" frameborder=\"0\" allow=\"accelerometer; autoplay; clipboard-write; encrypted-media; gyroscope; picture-in-picture; web-share\" referrerpolicy=\"strict-origin-when-cross-origin\" allowfullscreen><\/iframe><\/p>\n<p><iframe loading=\"lazy\" title=\"Nieves\" width=\"500\" height=\"281\" src=\"https:\/\/www.youtube.com\/embed\/lZbzheA4VpI?feature=oembed\" frameborder=\"0\" allow=\"accelerometer; autoplay; clipboard-write; encrypted-media; gyroscope; picture-in-picture; web-share\" referrerpolicy=\"strict-origin-when-cross-origin\" allowfullscreen><\/iframe><\/p>\n<p><iframe loading=\"lazy\" title=\"Noa i Lina\" width=\"500\" height=\"281\" src=\"https:\/\/www.youtube.com\/embed\/QF5L8g9cX-w?feature=oembed\" frameborder=\"0\" allow=\"accelerometer; autoplay; clipboard-write; encrypted-media; gyroscope; picture-in-picture; web-share\" referrerpolicy=\"strict-origin-when-cross-origin\" allowfullscreen><\/iframe><\/p>\n<p><iframe loading=\"lazy\" title=\"Jean i Nil\" width=\"500\" height=\"281\" src=\"https:\/\/www.youtube.com\/embed\/rwMnYS3b2uo?feature=oembed\" frameborder=\"0\" allow=\"accelerometer; autoplay; clipboard-write; encrypted-media; gyroscope; picture-in-picture; web-share\" referrerpolicy=\"strict-origin-when-cross-origin\" allowfullscreen><\/iframe><\/p>\n","protected":false},"excerpt":{"rendered":"<p>Els alumnes de 4t i de 5\u00e8 s&#8217;han animat a fer-nos diverses recomanacions liter\u00e0ries, el fet de con\u00e8ixer l&#8217;opini\u00f3 de companys\/es de la mateixa edat \u00e9s molt enriquidora.<br \/>\nUs animem a visualitzar-les perqu\u00e8 ho fan molt b\u00e9!!!!<\/p>\n","protected":false},"author":24,"featured_media":5131,"comment_status":"open","ping_status":"closed","sticky":false,"template":"","format":"standard","meta":{"_bbp_topic_count":0,"_bbp_reply_count":0,"_bbp_total_topic_count":0,"_bbp_total_reply_count":0,"_bbp_voice_count":0,"_bbp_anonymous_reply_count":0,"_bbp_topic_count_hidden":0,"_bbp_reply_count_hidden":0,"_bbp_forum_subforum_count":0,"footnotes":""},"categories":[154,1,4,5],"tags":[],"class_list":["post-5129","post","type-post","status-publish","format-standard","has-post-thumbnail","hentry","category-biblioteca","category-general","category-portada","category-primaria"],"post_mailing_queue_ids":[],"_links":{"self":[{"href":"https:\/\/agora.xtec.cat\/ceip-torre-llauder-mataro\/wp-json\/wp\/v2\/posts\/5129","targetHints":{"allow":["GET"]}}],"collection":[{"href":"https:\/\/agora.xtec.cat\/ceip-torre-llauder-mataro\/wp-json\/wp\/v2\/posts"}],"about":[{"href":"https:\/\/agora.xtec.cat\/ceip-torre-llauder-mataro\/wp-json\/wp\/v2\/types\/post"}],"author":[{"embeddable":true,"href":"https:\/\/agora.xtec.cat\/ceip-torre-llauder-mataro\/wp-json\/wp\/v2\/users\/24"}],"replies":[{"embeddable":true,"href":"https:\/\/agora.xtec.cat\/ceip-torre-llauder-mataro\/wp-json\/wp\/v2\/comments?post=5129"}],"version-history":[{"count":2,"href":"https:\/\/agora.xtec.cat\/ceip-torre-llauder-mataro\/wp-json\/wp\/v2\/posts\/5129\/revisions"}],"predecessor-version":[{"id":5132,"href":"https:\/\/agora.xtec.cat\/ceip-torre-llauder-mataro\/wp-json\/wp\/v2\/posts\/5129\/revisions\/5132"}],"wp:featuredmedia":[{"embeddable":true,"href":"https:\/\/agora.xtec.cat\/ceip-torre-llauder-mataro\/wp-json\/wp\/v2\/media\/5131"}],"wp:attachment":[{"href":"https:\/\/agora.xtec.cat\/ceip-torre-llauder-mataro\/wp-json\/wp\/v2\/media?parent=5129"}],"wp:term":[{"taxonomy":"category","embeddable":true,"href":"https:\/\/agora.xtec.cat\/ceip-torre-llauder-mataro\/wp-json\/wp\/v2\/categories?post=5129"},{"taxonomy":"post_tag","embeddable":true,"href":"https:\/\/agora.xtec.cat\/ceip-torre-llauder-mataro\/wp-json\/wp\/v2\/tags?post=5129"}],"curies":[{"name":"wp","href":"https:\/\/api.w.org\/{rel}","templated":true}]}}