{"id":5127,"date":"2022-03-25T11:20:41","date_gmt":"2022-03-25T10:20:41","guid":{"rendered":"https:\/\/agora.xtec.cat\/ceip-torre-llauder-mataro\/?p=5127"},"modified":"2022-03-25T11:20:41","modified_gmt":"2022-03-25T10:20:41","slug":"projecte-drac","status":"publish","type":"post","link":"https:\/\/agora.xtec.cat\/ceip-torre-llauder-mataro\/infantil\/projecte-drac\/","title":{"rendered":"Projecte Drac"},"content":{"rendered":"<p>La classe del Drac hem fet el Projecte sobre el Drac de Matar\u00f3, hem apr\u00e9s moltes coses noves, ho podreu comprovar quan mireu el nostre \u00e0lbum!!<\/p>\n<p>Avui hem fet ja el tancament del projecte i hem anat dient totes aquelles coses que hem apr\u00e9s fent el projecte. Tamb\u00e8 hem vist com \u00e9s una capa per poder ficar-nos al correfoc amb el Drac!<\/p>\n<p><a href=\"https:\/\/photos.app.goo.gl\/5kcANeSySGmKsX1dA\">Fotos projecte<\/a><\/p>\n","protected":false},"excerpt":{"rendered":"<p>La classe del Drac hem fet el Projecte sobre el Drac de Matar\u00f3, hem apr\u00e9s moltes coses noves, ho podreu comprovar quan mireu el nostre \u00e0lbum!!<br \/>\nAvui hem fet ja el tancament del projecte i hem anat dient totes aquelles coses que hem apr\u00e9s fent el&hellip;  <a href=\"https:\/\/agora.xtec.cat\/ceip-torre-llauder-mataro\/infantil\/projecte-drac\/\" title=\"Read Projecte Drac\">Llegeix m\u00e9s\u00bb<\/a><\/p>\n","protected":false},"author":12,"featured_media":0,"comment_status":"open","ping_status":"closed","sticky":false,"template":"","format":"standard","meta":{"_bbp_topic_count":0,"_bbp_reply_count":0,"_bbp_total_topic_count":0,"_bbp_total_reply_count":0,"_bbp_voice_count":0,"_bbp_anonymous_reply_count":0,"_bbp_topic_count_hidden":0,"_bbp_reply_count_hidden":0,"_bbp_forum_subforum_count":0,"footnotes":""},"categories":[3,2],"tags":[],"class_list":["post-5127","post","type-post","status-publish","format-standard","hentry","category-i4","category-infantil"],"post_mailing_queue_ids":[],"_links":{"self":[{"href":"https:\/\/agora.xtec.cat\/ceip-torre-llauder-mataro\/wp-json\/wp\/v2\/posts\/5127","targetHints":{"allow":["GET"]}}],"collection":[{"href":"https:\/\/agora.xtec.cat\/ceip-torre-llauder-mataro\/wp-json\/wp\/v2\/posts"}],"about":[{"href":"https:\/\/agora.xtec.cat\/ceip-torre-llauder-mataro\/wp-json\/wp\/v2\/types\/post"}],"author":[{"embeddable":true,"href":"https:\/\/agora.xtec.cat\/ceip-torre-llauder-mataro\/wp-json\/wp\/v2\/users\/12"}],"replies":[{"embeddable":true,"href":"https:\/\/agora.xtec.cat\/ceip-torre-llauder-mataro\/wp-json\/wp\/v2\/comments?post=5127"}],"version-history":[{"count":1,"href":"https:\/\/agora.xtec.cat\/ceip-torre-llauder-mataro\/wp-json\/wp\/v2\/posts\/5127\/revisions"}],"predecessor-version":[{"id":5128,"href":"https:\/\/agora.xtec.cat\/ceip-torre-llauder-mataro\/wp-json\/wp\/v2\/posts\/5127\/revisions\/5128"}],"wp:attachment":[{"href":"https:\/\/agora.xtec.cat\/ceip-torre-llauder-mataro\/wp-json\/wp\/v2\/media?parent=5127"}],"wp:term":[{"taxonomy":"category","embeddable":true,"href":"https:\/\/agora.xtec.cat\/ceip-torre-llauder-mataro\/wp-json\/wp\/v2\/categories?post=5127"},{"taxonomy":"post_tag","embeddable":true,"href":"https:\/\/agora.xtec.cat\/ceip-torre-llauder-mataro\/wp-json\/wp\/v2\/tags?post=5127"}],"curies":[{"name":"wp","href":"https:\/\/api.w.org\/{rel}","templated":true}]}}