{"id":5115,"date":"2022-03-14T14:06:41","date_gmt":"2022-03-14T13:06:41","guid":{"rendered":"https:\/\/agora.xtec.cat\/ceip-torre-llauder-mataro\/?p=5115"},"modified":"2022-03-14T14:06:41","modified_gmt":"2022-03-14T13:06:41","slug":"racons-a-p3-2","status":"publish","type":"post","link":"https:\/\/agora.xtec.cat\/ceip-torre-llauder-mataro\/infantil\/racons-a-p3-2\/","title":{"rendered":"RACONS A P3"},"content":{"rendered":"<p>Com ja sabeu, 3 cops a la setmana treballem per racons i els nens i nenes jugant i compartint aprenen un munt de coses de manera molt din\u00e0mica i manipulativa, respectant el seu ritme i tamb\u00e9 els seus interessos. A continuaci\u00f3 podeu veure varies fotos i v\u00eddeos de diferents sessions:<\/p>\n<p><a href=\"https:\/\/photos.app.goo.gl\/AJRdsFuGMfzeGvcr7\">RACONS A P3 (nov\/des 2021)<\/a><\/p>\n<p><a href=\"https:\/\/photos.app.goo.gl\/ujSYumpKLYGSMpZZ8\">RACONS A P3 (2n trimestre)<\/a><\/p>\n","protected":false},"excerpt":{"rendered":"<p>Com ja sabeu, 3 cops a la setmana treballem per racons i els nens i nenes jugant i compartint aprenen un munt de coses de manera molt din\u00e0mica i manipulativa, respectant el seu ritme i tamb\u00e9 els seus interessos. A continuaci\u00f3 podeu veure varies fotos&hellip;  <a href=\"https:\/\/agora.xtec.cat\/ceip-torre-llauder-mataro\/infantil\/racons-a-p3-2\/\" title=\"Read RACONS A P3\">Llegeix m\u00e9s\u00bb<\/a><\/p>\n","protected":false},"author":21,"featured_media":0,"comment_status":"open","ping_status":"closed","sticky":false,"template":"","format":"standard","meta":{"_bbp_topic_count":0,"_bbp_reply_count":0,"_bbp_total_topic_count":0,"_bbp_total_reply_count":0,"_bbp_voice_count":0,"_bbp_anonymous_reply_count":0,"_bbp_topic_count_hidden":0,"_bbp_reply_count_hidden":0,"_bbp_forum_subforum_count":0,"footnotes":""},"categories":[83,2],"tags":[],"class_list":["post-5115","post","type-post","status-publish","format-standard","hentry","category-i3","category-infantil"],"post_mailing_queue_ids":[],"_links":{"self":[{"href":"https:\/\/agora.xtec.cat\/ceip-torre-llauder-mataro\/wp-json\/wp\/v2\/posts\/5115","targetHints":{"allow":["GET"]}}],"collection":[{"href":"https:\/\/agora.xtec.cat\/ceip-torre-llauder-mataro\/wp-json\/wp\/v2\/posts"}],"about":[{"href":"https:\/\/agora.xtec.cat\/ceip-torre-llauder-mataro\/wp-json\/wp\/v2\/types\/post"}],"author":[{"embeddable":true,"href":"https:\/\/agora.xtec.cat\/ceip-torre-llauder-mataro\/wp-json\/wp\/v2\/users\/21"}],"replies":[{"embeddable":true,"href":"https:\/\/agora.xtec.cat\/ceip-torre-llauder-mataro\/wp-json\/wp\/v2\/comments?post=5115"}],"version-history":[{"count":1,"href":"https:\/\/agora.xtec.cat\/ceip-torre-llauder-mataro\/wp-json\/wp\/v2\/posts\/5115\/revisions"}],"predecessor-version":[{"id":5116,"href":"https:\/\/agora.xtec.cat\/ceip-torre-llauder-mataro\/wp-json\/wp\/v2\/posts\/5115\/revisions\/5116"}],"wp:attachment":[{"href":"https:\/\/agora.xtec.cat\/ceip-torre-llauder-mataro\/wp-json\/wp\/v2\/media?parent=5115"}],"wp:term":[{"taxonomy":"category","embeddable":true,"href":"https:\/\/agora.xtec.cat\/ceip-torre-llauder-mataro\/wp-json\/wp\/v2\/categories?post=5115"},{"taxonomy":"post_tag","embeddable":true,"href":"https:\/\/agora.xtec.cat\/ceip-torre-llauder-mataro\/wp-json\/wp\/v2\/tags?post=5115"}],"curies":[{"name":"wp","href":"https:\/\/api.w.org\/{rel}","templated":true}]}}