{"id":5077,"date":"2022-03-06T13:22:47","date_gmt":"2022-03-06T12:22:47","guid":{"rendered":"https:\/\/agora.xtec.cat\/ceip-torre-llauder-mataro\/?p=5077"},"modified":"2022-03-07T10:03:47","modified_gmt":"2022-03-07T09:03:47","slug":"biblioenigma-del-2n-trimestre","status":"publish","type":"post","link":"https:\/\/agora.xtec.cat\/ceip-torre-llauder-mataro\/general\/biblioenigma-del-2n-trimestre\/","title":{"rendered":"BIBLIOENIGMA DEL 2n TRIMESTRE"},"content":{"rendered":"<p>Aquest dilluns ja es podr\u00e0 trobar al vest\u00edbul de l&#8217;edifici de prim\u00e0ria un nou <strong>Biblioenigma.\u00a0<\/strong><\/p>\n<p>Aquesta vegada els intr\u00e8pids participants han de descobrir <strong>qui s&#8217;amaga darrere de les siluetes.<\/strong><\/p>\n<p>La data l\u00edmit per participar-hi \u00e9s fins al divendres 25 de mar\u00e7. Qui guanyi rebr\u00e0 un val de 15\u20ac per comprar-se un llibre.<\/p>\n<p style=\"text-align: center;\"><img loading=\"lazy\" decoding=\"async\" class=\"alignnone wp-image-5088 size-medium\" src=\"https:\/\/agora.xtec.cat\/ceip-torre-llauder-mataro\/wp-content\/uploads\/usu1425\/2022\/03\/2nbiblioenigma-300x164.jpg\" alt=\"\" width=\"300\" height=\"164\" srcset=\"https:\/\/agora.xtec.cat\/ceip-torre-llauder-mataro\/wp-content\/uploads\/usu1425\/2022\/03\/2nbiblioenigma-300x164.jpg 300w, https:\/\/agora.xtec.cat\/ceip-torre-llauder-mataro\/wp-content\/uploads\/usu1425\/2022\/03\/2nbiblioenigma-768x420.jpg 768w, https:\/\/agora.xtec.cat\/ceip-torre-llauder-mataro\/wp-content\/uploads\/usu1425\/2022\/03\/2nbiblioenigma.jpg 1003w\" sizes=\"auto, (max-width: 300px) 100vw, 300px\" \/><\/p>\n<p>&nbsp;<\/p>\n","protected":false},"excerpt":{"rendered":"<p>Aquest dilluns ja es podr\u00e0 trobar al vest\u00edbul de l&#8217;edifici de prim\u00e0ria un nou Biblioenigma.\u00a0<br \/>\nAquesta vegada els intr\u00e8pids participants han de descobrir qui s&#8217;amaga darrere de les siluetes.<br \/>\nLa data l\u00edmit per participar-hi \u00e9s fins al divendres 25 de mar\u00e7. Qui guanyi rebr\u00e0 un val de&hellip;  <a href=\"https:\/\/agora.xtec.cat\/ceip-torre-llauder-mataro\/general\/biblioenigma-del-2n-trimestre\/\" title=\"Read BIBLIOENIGMA DEL 2n TRIMESTRE\">Llegeix m\u00e9s\u00bb<\/a><\/p>\n","protected":false},"author":24,"featured_media":5088,"comment_status":"open","ping_status":"closed","sticky":false,"template":"","format":"standard","meta":{"_bbp_topic_count":0,"_bbp_reply_count":0,"_bbp_total_topic_count":0,"_bbp_total_reply_count":0,"_bbp_voice_count":0,"_bbp_anonymous_reply_count":0,"_bbp_topic_count_hidden":0,"_bbp_reply_count_hidden":0,"_bbp_forum_subforum_count":0,"footnotes":""},"categories":[154,1,4,5],"tags":[129,95],"class_list":["post-5077","post","type-post","status-publish","format-standard","has-post-thumbnail","hentry","category-biblioteca","category-general","category-portada","category-primaria","tag-biblioenigma","tag-biblioteca-boleret"],"post_mailing_queue_ids":[],"_links":{"self":[{"href":"https:\/\/agora.xtec.cat\/ceip-torre-llauder-mataro\/wp-json\/wp\/v2\/posts\/5077","targetHints":{"allow":["GET"]}}],"collection":[{"href":"https:\/\/agora.xtec.cat\/ceip-torre-llauder-mataro\/wp-json\/wp\/v2\/posts"}],"about":[{"href":"https:\/\/agora.xtec.cat\/ceip-torre-llauder-mataro\/wp-json\/wp\/v2\/types\/post"}],"author":[{"embeddable":true,"href":"https:\/\/agora.xtec.cat\/ceip-torre-llauder-mataro\/wp-json\/wp\/v2\/users\/24"}],"replies":[{"embeddable":true,"href":"https:\/\/agora.xtec.cat\/ceip-torre-llauder-mataro\/wp-json\/wp\/v2\/comments?post=5077"}],"version-history":[{"count":3,"href":"https:\/\/agora.xtec.cat\/ceip-torre-llauder-mataro\/wp-json\/wp\/v2\/posts\/5077\/revisions"}],"predecessor-version":[{"id":5092,"href":"https:\/\/agora.xtec.cat\/ceip-torre-llauder-mataro\/wp-json\/wp\/v2\/posts\/5077\/revisions\/5092"}],"wp:featuredmedia":[{"embeddable":true,"href":"https:\/\/agora.xtec.cat\/ceip-torre-llauder-mataro\/wp-json\/wp\/v2\/media\/5088"}],"wp:attachment":[{"href":"https:\/\/agora.xtec.cat\/ceip-torre-llauder-mataro\/wp-json\/wp\/v2\/media?parent=5077"}],"wp:term":[{"taxonomy":"category","embeddable":true,"href":"https:\/\/agora.xtec.cat\/ceip-torre-llauder-mataro\/wp-json\/wp\/v2\/categories?post=5077"},{"taxonomy":"post_tag","embeddable":true,"href":"https:\/\/agora.xtec.cat\/ceip-torre-llauder-mataro\/wp-json\/wp\/v2\/tags?post=5077"}],"curies":[{"name":"wp","href":"https:\/\/api.w.org\/{rel}","templated":true}]}}