{"id":4977,"date":"2022-02-15T16:18:42","date_gmt":"2022-02-15T15:18:42","guid":{"rendered":"https:\/\/agora.xtec.cat\/ceip-torre-llauder-mataro\/?p=4977"},"modified":"2022-02-15T16:18:42","modified_gmt":"2022-02-15T15:18:42","slug":"biblioteca-p5","status":"publish","type":"post","link":"https:\/\/agora.xtec.cat\/ceip-torre-llauder-mataro\/infantil\/biblioteca-p5\/","title":{"rendered":"Biblioteca P5"},"content":{"rendered":"<p>A la classe dels Bufons, els Dilluns a la tarda transformem la nostra aula en la biblioteca de l&#8217;escola.<\/p>\n<p>Amb mig grup, portem contes de la biblioteca i gaudim i ens endinsem en les seves hist\u00f2ries. Tamb\u00e9 aprofitem per recordar contes i representar-los, amb titelles, m\u00e0scares, etc.<\/p>\n<p>Mireu que b\u00e9 ho passem.<\/p>\n<p><a href=\"https:\/\/photos.app.goo.gl\/qv5Vvj9EyKksbM6r6\">Fotos biblioteca<\/a><\/p>\n<p>&nbsp;<\/p>\n","protected":false},"excerpt":{"rendered":"<p>A la classe dels Bufons, els Dilluns a la tarda transformem la nostra aula en la biblioteca de l&#8217;escola.<br \/>\nAmb mig grup, portem contes de la biblioteca i gaudim i ens endinsem en les seves hist\u00f2ries. Tamb\u00e9 aprofitem per recordar contes i representar-los, amb titelles, m\u00e0scares,&hellip;  <a href=\"https:\/\/agora.xtec.cat\/ceip-torre-llauder-mataro\/infantil\/biblioteca-p5\/\" title=\"Read Biblioteca P5\">Llegeix m\u00e9s\u00bb<\/a><\/p>\n","protected":false},"author":7,"featured_media":0,"comment_status":"open","ping_status":"closed","sticky":false,"template":"","format":"standard","meta":{"_bbp_topic_count":0,"_bbp_reply_count":0,"_bbp_total_topic_count":0,"_bbp_total_reply_count":0,"_bbp_voice_count":0,"_bbp_anonymous_reply_count":0,"_bbp_topic_count_hidden":0,"_bbp_reply_count_hidden":0,"_bbp_forum_subforum_count":0,"footnotes":""},"categories":[154,168,8,2,156],"tags":[],"class_list":["post-4977","post","type-post","status-publish","format-standard","hentry","category-biblioteca","category-habit-lector","category-i5","category-infantil","category-projecte-biblioteca"],"post_mailing_queue_ids":[],"_links":{"self":[{"href":"https:\/\/agora.xtec.cat\/ceip-torre-llauder-mataro\/wp-json\/wp\/v2\/posts\/4977","targetHints":{"allow":["GET"]}}],"collection":[{"href":"https:\/\/agora.xtec.cat\/ceip-torre-llauder-mataro\/wp-json\/wp\/v2\/posts"}],"about":[{"href":"https:\/\/agora.xtec.cat\/ceip-torre-llauder-mataro\/wp-json\/wp\/v2\/types\/post"}],"author":[{"embeddable":true,"href":"https:\/\/agora.xtec.cat\/ceip-torre-llauder-mataro\/wp-json\/wp\/v2\/users\/7"}],"replies":[{"embeddable":true,"href":"https:\/\/agora.xtec.cat\/ceip-torre-llauder-mataro\/wp-json\/wp\/v2\/comments?post=4977"}],"version-history":[{"count":1,"href":"https:\/\/agora.xtec.cat\/ceip-torre-llauder-mataro\/wp-json\/wp\/v2\/posts\/4977\/revisions"}],"predecessor-version":[{"id":4978,"href":"https:\/\/agora.xtec.cat\/ceip-torre-llauder-mataro\/wp-json\/wp\/v2\/posts\/4977\/revisions\/4978"}],"wp:attachment":[{"href":"https:\/\/agora.xtec.cat\/ceip-torre-llauder-mataro\/wp-json\/wp\/v2\/media?parent=4977"}],"wp:term":[{"taxonomy":"category","embeddable":true,"href":"https:\/\/agora.xtec.cat\/ceip-torre-llauder-mataro\/wp-json\/wp\/v2\/categories?post=4977"},{"taxonomy":"post_tag","embeddable":true,"href":"https:\/\/agora.xtec.cat\/ceip-torre-llauder-mataro\/wp-json\/wp\/v2\/tags?post=4977"}],"curies":[{"name":"wp","href":"https:\/\/api.w.org\/{rel}","templated":true}]}}