{"id":4941,"date":"2022-02-09T11:05:45","date_gmt":"2022-02-09T10:05:45","guid":{"rendered":"https:\/\/agora.xtec.cat\/ceip-torre-llauder-mataro\/?p=4941"},"modified":"2022-02-09T11:06:06","modified_gmt":"2022-02-09T10:06:06","slug":"xocolata-i-gel","status":"publish","type":"post","link":"https:\/\/agora.xtec.cat\/ceip-torre-llauder-mataro\/infantil\/xocolata-i-gel\/","title":{"rendered":"Xocolata i gel a P4"},"content":{"rendered":"<p>Avui a experimentaci\u00f3 la classe del Drac hem fet la comparaci\u00f3 calent-fred. Primer hem agafat xocolata i hem pensat que podria passar si la posem al microones&#8230; hem pogut experimentar amb la xocolata desfeta ben calenta!! Despr\u00e9s hem afegit un gla\u00e7\u00f3 tot mirant que passa si entra en contacte amb la xocolata desfeta&#8230; i hem notat el fred del gel (com l&#8217;hivern). Ens ho hem passat molt b\u00e9 i hem fet un petit aperitiu abans d&#8217;esmorzar!!<\/p>\n<p><a href=\"https:\/\/photos.app.goo.gl\/umSZ2C8vmeHEmuPs5\">Fotos<\/a><\/p>\n","protected":false},"excerpt":{"rendered":"<p>Avui a experimentaci\u00f3 la classe del Drac hem fet la comparaci\u00f3 calent-fred. Primer hem agafat xocolata i hem pensat que podria passar si la posem al microones&#8230; hem pogut experimentar amb la xocolata desfeta ben calenta!! Despr\u00e9s hem afegit un gla\u00e7\u00f3 tot mirant que passa&hellip;  <a href=\"https:\/\/agora.xtec.cat\/ceip-torre-llauder-mataro\/infantil\/xocolata-i-gel\/\" title=\"Read Xocolata i gel a P4\">Llegeix m\u00e9s\u00bb<\/a><\/p>\n","protected":false},"author":12,"featured_media":0,"comment_status":"open","ping_status":"closed","sticky":false,"template":"","format":"standard","meta":{"_bbp_topic_count":0,"_bbp_reply_count":0,"_bbp_total_topic_count":0,"_bbp_total_reply_count":0,"_bbp_voice_count":0,"_bbp_anonymous_reply_count":0,"_bbp_topic_count_hidden":0,"_bbp_reply_count_hidden":0,"_bbp_forum_subforum_count":0,"footnotes":""},"categories":[3,2],"tags":[],"class_list":["post-4941","post","type-post","status-publish","format-standard","hentry","category-i4","category-infantil"],"post_mailing_queue_ids":[],"_links":{"self":[{"href":"https:\/\/agora.xtec.cat\/ceip-torre-llauder-mataro\/wp-json\/wp\/v2\/posts\/4941","targetHints":{"allow":["GET"]}}],"collection":[{"href":"https:\/\/agora.xtec.cat\/ceip-torre-llauder-mataro\/wp-json\/wp\/v2\/posts"}],"about":[{"href":"https:\/\/agora.xtec.cat\/ceip-torre-llauder-mataro\/wp-json\/wp\/v2\/types\/post"}],"author":[{"embeddable":true,"href":"https:\/\/agora.xtec.cat\/ceip-torre-llauder-mataro\/wp-json\/wp\/v2\/users\/12"}],"replies":[{"embeddable":true,"href":"https:\/\/agora.xtec.cat\/ceip-torre-llauder-mataro\/wp-json\/wp\/v2\/comments?post=4941"}],"version-history":[{"count":2,"href":"https:\/\/agora.xtec.cat\/ceip-torre-llauder-mataro\/wp-json\/wp\/v2\/posts\/4941\/revisions"}],"predecessor-version":[{"id":4943,"href":"https:\/\/agora.xtec.cat\/ceip-torre-llauder-mataro\/wp-json\/wp\/v2\/posts\/4941\/revisions\/4943"}],"wp:attachment":[{"href":"https:\/\/agora.xtec.cat\/ceip-torre-llauder-mataro\/wp-json\/wp\/v2\/media?parent=4941"}],"wp:term":[{"taxonomy":"category","embeddable":true,"href":"https:\/\/agora.xtec.cat\/ceip-torre-llauder-mataro\/wp-json\/wp\/v2\/categories?post=4941"},{"taxonomy":"post_tag","embeddable":true,"href":"https:\/\/agora.xtec.cat\/ceip-torre-llauder-mataro\/wp-json\/wp\/v2\/tags?post=4941"}],"curies":[{"name":"wp","href":"https:\/\/api.w.org\/{rel}","templated":true}]}}