{"id":4839,"date":"2021-12-22T13:30:06","date_gmt":"2021-12-22T12:30:06","guid":{"rendered":"https:\/\/agora.xtec.cat\/ceip-torre-llauder-mataro\/?p=4839"},"modified":"2021-12-23T00:46:23","modified_gmt":"2021-12-22T23:46:23","slug":"celebrem-el-nadal-3","status":"publish","type":"post","link":"https:\/\/agora.xtec.cat\/ceip-torre-llauder-mataro\/infantil\/celebrem-el-nadal-3\/","title":{"rendered":"CELEBREM EL NADAL"},"content":{"rendered":"<p>Avui ha estat l\u2019\u00faltim dia d\u2019escola abans de les vacances de Nadal i l\u2019hem celebrat com es mereix.<\/p>\n<p>Els alumnes d&#8217;Ed. Infantil i Cicle Inicial han fet cagar el Ti\u00f3. Al llarg del mat\u00ed, tots els cursos hem anat visitant el Patge Reial al vest\u00edbul. Tampoc ens hem d\u2019oblidar d\u2019una xocolatada amb coca deliciosa que hem pres a l\u2019aula.<\/p>\n<p>Cliqueu les imatges per veure les fotos.<\/p>\n<p><a href=\"https:\/\/photos.app.goo.gl\/AwX79BqwYmna7E6g9\" target=\"_blank\" rel=\"noopener\"><img loading=\"lazy\" decoding=\"async\" class=\"alignleft wp-image-2814\" src=\"https:\/\/agora.xtec.cat\/ceip-torre-llauder-mataro\/wp-content\/uploads\/usu1425\/2020\/01\/patgexocolatada.jpg\" alt=\"\" width=\"428\" height=\"260\" srcset=\"https:\/\/agora.xtec.cat\/ceip-torre-llauder-mataro\/wp-content\/uploads\/usu1425\/2020\/01\/patgexocolatada.jpg 694w, https:\/\/agora.xtec.cat\/ceip-torre-llauder-mataro\/wp-content\/uploads\/usu1425\/2020\/01\/patgexocolatada-300x182.jpg 300w\" sizes=\"auto, (max-width: 428px) 100vw, 428px\" \/><\/a><\/p>\n","protected":false},"excerpt":{"rendered":"<p>Avui ha estat l\u2019\u00faltim dia d\u2019escola abans de les vacances de Nadal i l\u2019hem celebrat com es mereix.<br \/>\nEls alumnes d&#8217;Ed. Infantil i Cicle Inicial han fet cagar el Ti\u00f3. Al llarg del mat\u00ed, tots els cursos hem anat visitant el Patge Reial al vest\u00edbul. Tampoc&hellip;  <a href=\"https:\/\/agora.xtec.cat\/ceip-torre-llauder-mataro\/infantil\/celebrem-el-nadal-3\/\" title=\"Read CELEBREM EL NADAL\">Llegeix m\u00e9s\u00bb<\/a><\/p>\n","protected":false},"author":1,"featured_media":0,"comment_status":"open","ping_status":"closed","sticky":false,"template":"","format":"standard","meta":{"_bbp_topic_count":0,"_bbp_reply_count":0,"_bbp_total_topic_count":0,"_bbp_total_reply_count":0,"_bbp_voice_count":0,"_bbp_anonymous_reply_count":0,"_bbp_topic_count_hidden":0,"_bbp_reply_count_hidden":0,"_bbp_forum_subforum_count":0,"footnotes":""},"categories":[2,4,5],"tags":[96,73],"class_list":["post-4839","post","type-post","status-publish","format-standard","hentry","category-infantil","category-portada","category-primaria","tag-christmas","tag-nadal"],"post_mailing_queue_ids":[],"_links":{"self":[{"href":"https:\/\/agora.xtec.cat\/ceip-torre-llauder-mataro\/wp-json\/wp\/v2\/posts\/4839","targetHints":{"allow":["GET"]}}],"collection":[{"href":"https:\/\/agora.xtec.cat\/ceip-torre-llauder-mataro\/wp-json\/wp\/v2\/posts"}],"about":[{"href":"https:\/\/agora.xtec.cat\/ceip-torre-llauder-mataro\/wp-json\/wp\/v2\/types\/post"}],"author":[{"embeddable":true,"href":"https:\/\/agora.xtec.cat\/ceip-torre-llauder-mataro\/wp-json\/wp\/v2\/users\/1"}],"replies":[{"embeddable":true,"href":"https:\/\/agora.xtec.cat\/ceip-torre-llauder-mataro\/wp-json\/wp\/v2\/comments?post=4839"}],"version-history":[{"count":3,"href":"https:\/\/agora.xtec.cat\/ceip-torre-llauder-mataro\/wp-json\/wp\/v2\/posts\/4839\/revisions"}],"predecessor-version":[{"id":4848,"href":"https:\/\/agora.xtec.cat\/ceip-torre-llauder-mataro\/wp-json\/wp\/v2\/posts\/4839\/revisions\/4848"}],"wp:attachment":[{"href":"https:\/\/agora.xtec.cat\/ceip-torre-llauder-mataro\/wp-json\/wp\/v2\/media?parent=4839"}],"wp:term":[{"taxonomy":"category","embeddable":true,"href":"https:\/\/agora.xtec.cat\/ceip-torre-llauder-mataro\/wp-json\/wp\/v2\/categories?post=4839"},{"taxonomy":"post_tag","embeddable":true,"href":"https:\/\/agora.xtec.cat\/ceip-torre-llauder-mataro\/wp-json\/wp\/v2\/tags?post=4839"}],"curies":[{"name":"wp","href":"https:\/\/api.w.org\/{rel}","templated":true}]}}