{"id":4807,"date":"2021-12-03T18:54:49","date_gmt":"2021-12-03T17:54:49","guid":{"rendered":"https:\/\/agora.xtec.cat\/ceip-torre-llauder-mataro\/?p=4807"},"modified":"2021-12-03T18:54:49","modified_gmt":"2021-12-03T17:54:49","slug":"experimentacio-a-p3","status":"publish","type":"post","link":"https:\/\/agora.xtec.cat\/ceip-torre-llauder-mataro\/general\/experimentacio-a-p3\/","title":{"rendered":"EXPERIMENTACI\u00d3 A P3"},"content":{"rendered":"<p>Seguim amb les sessions d&#8217;experimentaci\u00f3 dels dijous al mat\u00ed, on, amb diferents elements quotidians els nens i nenes interaccionen, fan hip\u00f2tesi i veuen les reaccions dels elements davant de les seves accions.<\/p>\n<p><a href=\"https:\/\/photos.app.goo.gl\/ap9JizpQ8Sb7ZL19A\">Bufem amb canyetes<\/a><\/p>\n<p><a href=\"https:\/\/photos.app.goo.gl\/d2PgjVEM6aty7ELn9\">paper de diari<\/a><\/p>\n<p><a href=\"https:\/\/photos.app.goo.gl\/a13KxVE1Ug8LodpK7\">tast de fruites de tardor<\/a><\/p>\n<p><a href=\"https:\/\/photos.app.goo.gl\/mYxpnnfFJ7oE1XSj9\">llegums i arr\u00f2s<\/a><\/p>\n<p>&nbsp;<\/p>\n","protected":false},"excerpt":{"rendered":"<p>Seguim amb les sessions d&#8217;experimentaci\u00f3 dels dijous al mat\u00ed, on, amb diferents elements quotidians els nens i nenes interaccionen, fan hip\u00f2tesi i veuen les reaccions dels elements davant de les seves accions.<br \/>\n<a href=\"https:\/\/photos.app.goo.gl\/ap9JizpQ8Sb7ZL19A\">Bufem amb canyetes<\/a><br \/>\n<a href=\"https:\/\/photos.app.goo.gl\/d2PgjVEM6aty7ELn9\">paper de diari<\/a><br \/>\n<a href=\"https:\/\/photos.app.goo.gl\/a13KxVE1Ug8LodpK7\">tast de fruites de tardor<\/a><br \/>\n<a href=\"https:\/\/photos.app.goo.gl\/mYxpnnfFJ7oE1XSj9\">llegums i&hellip;  <a href=\"https:\/\/agora.xtec.cat\/ceip-torre-llauder-mataro\/general\/experimentacio-a-p3\/\" title=\"Read EXPERIMENTACI\u00d3 A P3\">Llegeix m\u00e9s\u00bb<\/a><\/p>\n","protected":false},"author":21,"featured_media":0,"comment_status":"open","ping_status":"closed","sticky":false,"template":"","format":"standard","meta":{"_bbp_topic_count":0,"_bbp_reply_count":0,"_bbp_total_topic_count":0,"_bbp_total_reply_count":0,"_bbp_voice_count":0,"_bbp_anonymous_reply_count":0,"_bbp_topic_count_hidden":0,"_bbp_reply_count_hidden":0,"_bbp_forum_subforum_count":0,"footnotes":""},"categories":[1,83,2],"tags":[],"class_list":["post-4807","post","type-post","status-publish","format-standard","hentry","category-general","category-i3","category-infantil"],"post_mailing_queue_ids":[],"_links":{"self":[{"href":"https:\/\/agora.xtec.cat\/ceip-torre-llauder-mataro\/wp-json\/wp\/v2\/posts\/4807","targetHints":{"allow":["GET"]}}],"collection":[{"href":"https:\/\/agora.xtec.cat\/ceip-torre-llauder-mataro\/wp-json\/wp\/v2\/posts"}],"about":[{"href":"https:\/\/agora.xtec.cat\/ceip-torre-llauder-mataro\/wp-json\/wp\/v2\/types\/post"}],"author":[{"embeddable":true,"href":"https:\/\/agora.xtec.cat\/ceip-torre-llauder-mataro\/wp-json\/wp\/v2\/users\/21"}],"replies":[{"embeddable":true,"href":"https:\/\/agora.xtec.cat\/ceip-torre-llauder-mataro\/wp-json\/wp\/v2\/comments?post=4807"}],"version-history":[{"count":2,"href":"https:\/\/agora.xtec.cat\/ceip-torre-llauder-mataro\/wp-json\/wp\/v2\/posts\/4807\/revisions"}],"predecessor-version":[{"id":4822,"href":"https:\/\/agora.xtec.cat\/ceip-torre-llauder-mataro\/wp-json\/wp\/v2\/posts\/4807\/revisions\/4822"}],"wp:attachment":[{"href":"https:\/\/agora.xtec.cat\/ceip-torre-llauder-mataro\/wp-json\/wp\/v2\/media?parent=4807"}],"wp:term":[{"taxonomy":"category","embeddable":true,"href":"https:\/\/agora.xtec.cat\/ceip-torre-llauder-mataro\/wp-json\/wp\/v2\/categories?post=4807"},{"taxonomy":"post_tag","embeddable":true,"href":"https:\/\/agora.xtec.cat\/ceip-torre-llauder-mataro\/wp-json\/wp\/v2\/tags?post=4807"}],"curies":[{"name":"wp","href":"https:\/\/api.w.org\/{rel}","templated":true}]}}