{"id":4798,"date":"2021-11-25T17:49:57","date_gmt":"2021-11-25T16:49:57","guid":{"rendered":"https:\/\/agora.xtec.cat\/ceip-torre-llauder-mataro\/?p=4798"},"modified":"2021-11-28T19:12:51","modified_gmt":"2021-11-28T18:12:51","slug":"25-n-posem-llum","status":"publish","type":"post","link":"https:\/\/agora.xtec.cat\/ceip-torre-llauder-mataro\/general\/25-n-posem-llum\/","title":{"rendered":"25- N Posem llum!"},"content":{"rendered":"<p><img loading=\"lazy\" decoding=\"async\" class=\"alignnone wp-image-4799 size-large\" src=\"https:\/\/agora.xtec.cat\/ceip-torre-llauder-mataro\/wp-content\/uploads\/usu1425\/2021\/11\/WhatsApp-Image-2021-11-25-at-14.06.46-1024x856.jpeg\" alt=\"\" width=\"1024\" height=\"856\" \/><\/p>\n<p>Benvolgudes fam\u00edlies,<\/p>\n<p>Aprofitant la celebraci\u00f3 del\u00a0<strong>25-N: Dia Internacional contra la viol\u00e8ncia de g\u00e8nere<\/strong>\u00a0en Xavi Juan (TIS de l&#8217;escola) ha elaborat una proposta evolutiva i transversal per treballar la\u00a0<strong>invisibilitat de la dona<\/strong>\u00a0i retornar l&#8217;espai leg\u00edtim i el reconeixement als referents femenins no reconeguts al llarg de la hist\u00f2ria.<\/p>\n<p>A partir del joc\u00a0<strong>&#8220;Em coneixes?&#8221;<\/strong>, alumnes, fam\u00edlies i personal docent i no docent del centre hem pogut reflexionar, prendre consci\u00e8ncia dels efectes de la desigualtat per ra\u00f3 de g\u00e8nere i posar llum a 24 dones que han estat personatges destacats en diferents \u00e0mbits.<\/p>\n<p>Creiem que entre tots, fam\u00edlia i escola, hem de treballar de valent TOTS ELS DIES DE L&#8217;ANY per aconseguir reduir els efectes de la desigualtat per ra\u00f3 de g\u00e8nere i poder viure en una societat lliure de viol\u00e8ncies!<\/p>\n","protected":false},"excerpt":{"rendered":"<p>Benvolgudes fam\u00edlies,<br \/>\nAprofitant la celebraci\u00f3 del\u00a025-N: Dia Internacional contra la viol\u00e8ncia de g\u00e8nere\u00a0en Xavi Juan (TIS de l&#8217;escola) ha elaborat una proposta evolutiva i transversal per treballar la\u00a0invisibilitat de la dona\u00a0i retornar l&#8217;espai leg\u00edtim i el reconeixement als referents femenins no reconeguts al llarg de la&hellip;  <a href=\"https:\/\/agora.xtec.cat\/ceip-torre-llauder-mataro\/general\/25-n-posem-llum\/\" title=\"Read 25- N Posem llum!\">Llegeix m\u00e9s\u00bb<\/a><\/p>\n","protected":false},"author":19,"featured_media":4799,"comment_status":"open","ping_status":"closed","sticky":false,"template":"","format":"standard","meta":{"_bbp_topic_count":0,"_bbp_reply_count":0,"_bbp_total_topic_count":0,"_bbp_total_reply_count":0,"_bbp_voice_count":0,"_bbp_anonymous_reply_count":0,"_bbp_topic_count_hidden":0,"_bbp_reply_count_hidden":0,"_bbp_forum_subforum_count":0,"footnotes":""},"categories":[1,4],"tags":[],"class_list":["post-4798","post","type-post","status-publish","format-standard","has-post-thumbnail","hentry","category-general","category-portada"],"post_mailing_queue_ids":[],"_links":{"self":[{"href":"https:\/\/agora.xtec.cat\/ceip-torre-llauder-mataro\/wp-json\/wp\/v2\/posts\/4798","targetHints":{"allow":["GET"]}}],"collection":[{"href":"https:\/\/agora.xtec.cat\/ceip-torre-llauder-mataro\/wp-json\/wp\/v2\/posts"}],"about":[{"href":"https:\/\/agora.xtec.cat\/ceip-torre-llauder-mataro\/wp-json\/wp\/v2\/types\/post"}],"author":[{"embeddable":true,"href":"https:\/\/agora.xtec.cat\/ceip-torre-llauder-mataro\/wp-json\/wp\/v2\/users\/19"}],"replies":[{"embeddable":true,"href":"https:\/\/agora.xtec.cat\/ceip-torre-llauder-mataro\/wp-json\/wp\/v2\/comments?post=4798"}],"version-history":[{"count":3,"href":"https:\/\/agora.xtec.cat\/ceip-torre-llauder-mataro\/wp-json\/wp\/v2\/posts\/4798\/revisions"}],"predecessor-version":[{"id":4802,"href":"https:\/\/agora.xtec.cat\/ceip-torre-llauder-mataro\/wp-json\/wp\/v2\/posts\/4798\/revisions\/4802"}],"wp:featuredmedia":[{"embeddable":true,"href":"https:\/\/agora.xtec.cat\/ceip-torre-llauder-mataro\/wp-json\/wp\/v2\/media\/4799"}],"wp:attachment":[{"href":"https:\/\/agora.xtec.cat\/ceip-torre-llauder-mataro\/wp-json\/wp\/v2\/media?parent=4798"}],"wp:term":[{"taxonomy":"category","embeddable":true,"href":"https:\/\/agora.xtec.cat\/ceip-torre-llauder-mataro\/wp-json\/wp\/v2\/categories?post=4798"},{"taxonomy":"post_tag","embeddable":true,"href":"https:\/\/agora.xtec.cat\/ceip-torre-llauder-mataro\/wp-json\/wp\/v2\/tags?post=4798"}],"curies":[{"name":"wp","href":"https:\/\/api.w.org\/{rel}","templated":true}]}}