{"id":4787,"date":"2021-11-23T11:04:38","date_gmt":"2021-11-23T10:04:38","guid":{"rendered":"https:\/\/agora.xtec.cat\/ceip-torre-llauder-mataro\/?p=4787"},"modified":"2021-11-28T19:15:13","modified_gmt":"2021-11-28T18:15:13","slug":"guanyador-del-1r-biblioenigma","status":"publish","type":"post","link":"https:\/\/agora.xtec.cat\/ceip-torre-llauder-mataro\/general\/guanyador-del-1r-biblioenigma\/","title":{"rendered":"Guanyador del 1r Biblioenigma"},"content":{"rendered":"<p>Ahir dilluns 22 de novembre vam fer el sorteig del<strong> primer Biblioenigma<\/strong> entre les butlletes que tenien totes les respostes correctes.<\/p>\n<p>En total han participat m\u00e9s de 70 alumnes i una m\u00e0 innocent va treure la butlleta guanyadora.<\/p>\n<p>En aquesta ocasi\u00f3, l&#8217;afortunat ha estat un alumne del curs de 4t, en DANI O\u00d1A SOL\u00c0!!!<\/p>\n<p><a href=\"https:\/\/agora.xtec.cat\/ceip-torre-llauder-mataro\/wp-content\/uploads\/usu1425\/2021\/11\/IMG-20211122-WA0009.jpg\"> \u00a0 \u00a0 \u00a0 \u00a0 \u00a0 <\/a><img loading=\"lazy\" decoding=\"async\" class=\"alignnone wp-image-4789\" src=\"https:\/\/agora.xtec.cat\/ceip-torre-llauder-mataro\/wp-content\/uploads\/usu1425\/2021\/11\/IMG-20211122-WA0009-300x225.jpg\" alt=\"\" width=\"300\" height=\"225\" \/><\/p>\n<p><img loading=\"lazy\" decoding=\"async\" class=\"alignnone wp-image-4788\" src=\"https:\/\/agora.xtec.cat\/ceip-torre-llauder-mataro\/wp-content\/uploads\/usu1425\/2021\/11\/IMG-20211122-WA0006-300x225.jpg\" alt=\"\" width=\"311\" height=\"233\" srcset=\"https:\/\/agora.xtec.cat\/ceip-torre-llauder-mataro\/wp-content\/uploads\/usu1425\/2021\/11\/IMG-20211122-WA0006-300x225.jpg 300w, https:\/\/agora.xtec.cat\/ceip-torre-llauder-mataro\/wp-content\/uploads\/usu1425\/2021\/11\/IMG-20211122-WA0006-1024x768.jpg 1024w, https:\/\/agora.xtec.cat\/ceip-torre-llauder-mataro\/wp-content\/uploads\/usu1425\/2021\/11\/IMG-20211122-WA0006-768x576.jpg 768w, https:\/\/agora.xtec.cat\/ceip-torre-llauder-mataro\/wp-content\/uploads\/usu1425\/2021\/11\/IMG-20211122-WA0006-1536x1152.jpg 1536w, https:\/\/agora.xtec.cat\/ceip-torre-llauder-mataro\/wp-content\/uploads\/usu1425\/2021\/11\/IMG-20211122-WA0006-200x150.jpg 200w, https:\/\/agora.xtec.cat\/ceip-torre-llauder-mataro\/wp-content\/uploads\/usu1425\/2021\/11\/IMG-20211122-WA0006.jpg 1600w\" sizes=\"auto, (max-width: 311px) 100vw, 311px\" \/><\/p>\n<p>&nbsp;<\/p>\n<p><img loading=\"lazy\" decoding=\"async\" class=\"aligncenter wp-image-4790 size-medium\" src=\"https:\/\/agora.xtec.cat\/ceip-torre-llauder-mataro\/wp-content\/uploads\/usu1425\/2021\/11\/IMG-20211122-WA0014-224x300.jpg\" alt=\"\" width=\"224\" height=\"300\" srcset=\"https:\/\/agora.xtec.cat\/ceip-torre-llauder-mataro\/wp-content\/uploads\/usu1425\/2021\/11\/IMG-20211122-WA0014-224x300.jpg 224w, https:\/\/agora.xtec.cat\/ceip-torre-llauder-mataro\/wp-content\/uploads\/usu1425\/2021\/11\/IMG-20211122-WA0014-766x1024.jpg 766w, https:\/\/agora.xtec.cat\/ceip-torre-llauder-mataro\/wp-content\/uploads\/usu1425\/2021\/11\/IMG-20211122-WA0014-768x1027.jpg 768w, https:\/\/agora.xtec.cat\/ceip-torre-llauder-mataro\/wp-content\/uploads\/usu1425\/2021\/11\/IMG-20211122-WA0014-1149x1536.jpg 1149w, https:\/\/agora.xtec.cat\/ceip-torre-llauder-mataro\/wp-content\/uploads\/usu1425\/2021\/11\/IMG-20211122-WA0014.jpg 1496w\" sizes=\"auto, (max-width: 224px) 100vw, 224px\" \/><\/p>\n<p>&nbsp;<\/p>\n","protected":false},"excerpt":{"rendered":"<p>Ahir dilluns 22 de novembre vam fer el sorteig del primer Biblioenigma entre les butlletes que tenien totes les respostes correctes.<br \/>\nEn total han participat m\u00e9s de 70 alumnes i una m\u00e0 innocent va treure la butlleta guanyadora.<br \/>\nEn aquesta ocasi\u00f3, l&#8217;afortunat ha estat un alumne del&hellip;  <a href=\"https:\/\/agora.xtec.cat\/ceip-torre-llauder-mataro\/general\/guanyador-del-1r-biblioenigma\/\" title=\"Read Guanyador del 1r Biblioenigma\">Llegeix m\u00e9s\u00bb<\/a><\/p>\n","protected":false},"author":24,"featured_media":4789,"comment_status":"open","ping_status":"closed","sticky":false,"template":"","format":"standard","meta":{"_bbp_topic_count":0,"_bbp_reply_count":0,"_bbp_total_topic_count":0,"_bbp_total_reply_count":0,"_bbp_voice_count":0,"_bbp_anonymous_reply_count":0,"_bbp_topic_count_hidden":0,"_bbp_reply_count_hidden":0,"_bbp_forum_subforum_count":0,"footnotes":""},"categories":[154,1,4],"tags":[],"class_list":["post-4787","post","type-post","status-publish","format-standard","has-post-thumbnail","hentry","category-biblioteca","category-general","category-portada"],"post_mailing_queue_ids":[],"_links":{"self":[{"href":"https:\/\/agora.xtec.cat\/ceip-torre-llauder-mataro\/wp-json\/wp\/v2\/posts\/4787","targetHints":{"allow":["GET"]}}],"collection":[{"href":"https:\/\/agora.xtec.cat\/ceip-torre-llauder-mataro\/wp-json\/wp\/v2\/posts"}],"about":[{"href":"https:\/\/agora.xtec.cat\/ceip-torre-llauder-mataro\/wp-json\/wp\/v2\/types\/post"}],"author":[{"embeddable":true,"href":"https:\/\/agora.xtec.cat\/ceip-torre-llauder-mataro\/wp-json\/wp\/v2\/users\/24"}],"replies":[{"embeddable":true,"href":"https:\/\/agora.xtec.cat\/ceip-torre-llauder-mataro\/wp-json\/wp\/v2\/comments?post=4787"}],"version-history":[{"count":3,"href":"https:\/\/agora.xtec.cat\/ceip-torre-llauder-mataro\/wp-json\/wp\/v2\/posts\/4787\/revisions"}],"predecessor-version":[{"id":4797,"href":"https:\/\/agora.xtec.cat\/ceip-torre-llauder-mataro\/wp-json\/wp\/v2\/posts\/4787\/revisions\/4797"}],"wp:featuredmedia":[{"embeddable":true,"href":"https:\/\/agora.xtec.cat\/ceip-torre-llauder-mataro\/wp-json\/wp\/v2\/media\/4789"}],"wp:attachment":[{"href":"https:\/\/agora.xtec.cat\/ceip-torre-llauder-mataro\/wp-json\/wp\/v2\/media?parent=4787"}],"wp:term":[{"taxonomy":"category","embeddable":true,"href":"https:\/\/agora.xtec.cat\/ceip-torre-llauder-mataro\/wp-json\/wp\/v2\/categories?post=4787"},{"taxonomy":"post_tag","embeddable":true,"href":"https:\/\/agora.xtec.cat\/ceip-torre-llauder-mataro\/wp-json\/wp\/v2\/tags?post=4787"}],"curies":[{"name":"wp","href":"https:\/\/api.w.org\/{rel}","templated":true}]}}