{"id":4764,"date":"2021-11-17T12:55:08","date_gmt":"2021-11-17T11:55:08","guid":{"rendered":"https:\/\/agora.xtec.cat\/ceip-torre-llauder-mataro\/?p=4764"},"modified":"2021-11-21T18:46:25","modified_gmt":"2021-11-21T17:46:25","slug":"nous-llibres","status":"publish","type":"post","link":"https:\/\/agora.xtec.cat\/ceip-torre-llauder-mataro\/general\/nous-llibres\/","title":{"rendered":"Nous llibres"},"content":{"rendered":"<p>Avui dimecres 17 de novembre, en Rafa de la llibreria Doria de Matar\u00f3, ha vingut a presentar diferents contes i llibres als alumnes dels cursos de 2n, 3r, 5\u00e8 A i 5\u00e8B.<\/p>\n<p>Despr\u00e9s d&#8217;escoltar-los, l&#8217;alumnat ha escollit els que m\u00e9s han agradat i a partir de la seva elecci\u00f3, l&#8217;escola adquirir\u00e0 un exemplar per a cada alumne i el llegiran a l&#8217;aula.<\/p>\n<p>Els llibres escollits s\u00f3n:<\/p>\n<p><img loading=\"lazy\" decoding=\"async\" class=\"alignnone wp-image-4769 size-medium\" src=\"https:\/\/agora.xtec.cat\/ceip-torre-llauder-mataro\/wp-content\/uploads\/usu1425\/2021\/11\/tempFileForShare_20211117-124809-193x300.jpg\" alt=\"\" width=\"193\" height=\"300\" srcset=\"https:\/\/agora.xtec.cat\/ceip-torre-llauder-mataro\/wp-content\/uploads\/usu1425\/2021\/11\/tempFileForShare_20211117-124809-193x300.jpg 193w, https:\/\/agora.xtec.cat\/ceip-torre-llauder-mataro\/wp-content\/uploads\/usu1425\/2021\/11\/tempFileForShare_20211117-124809.jpg 456w\" sizes=\"auto, (max-width: 193px) 100vw, 193px\" \/> <img loading=\"lazy\" decoding=\"async\" class=\"alignnone wp-image-4770 size-medium\" src=\"https:\/\/agora.xtec.cat\/ceip-torre-llauder-mataro\/wp-content\/uploads\/usu1425\/2021\/11\/tempFileForShare_20211117-124726-178x300.jpg\" alt=\"\" width=\"178\" height=\"300\" srcset=\"https:\/\/agora.xtec.cat\/ceip-torre-llauder-mataro\/wp-content\/uploads\/usu1425\/2021\/11\/tempFileForShare_20211117-124726-178x300.jpg 178w, https:\/\/agora.xtec.cat\/ceip-torre-llauder-mataro\/wp-content\/uploads\/usu1425\/2021\/11\/tempFileForShare_20211117-124726-608x1024.jpg 608w, https:\/\/agora.xtec.cat\/ceip-torre-llauder-mataro\/wp-content\/uploads\/usu1425\/2021\/11\/tempFileForShare_20211117-124726.jpg 621w\" sizes=\"auto, (max-width: 178px) 100vw, 178px\" \/> <img loading=\"lazy\" decoding=\"async\" class=\"alignnone wp-image-4771 size-medium\" src=\"https:\/\/agora.xtec.cat\/ceip-torre-llauder-mataro\/wp-content\/uploads\/usu1425\/2021\/11\/20211117_124957-206x300.jpg\" alt=\"\" width=\"206\" height=\"300\" srcset=\"https:\/\/agora.xtec.cat\/ceip-torre-llauder-mataro\/wp-content\/uploads\/usu1425\/2021\/11\/20211117_124957-206x300.jpg 206w, https:\/\/agora.xtec.cat\/ceip-torre-llauder-mataro\/wp-content\/uploads\/usu1425\/2021\/11\/20211117_124957.jpg 617w\" sizes=\"auto, (max-width: 206px) 100vw, 206px\" \/> <img loading=\"lazy\" decoding=\"async\" class=\"alignnone wp-image-4772 size-medium\" src=\"https:\/\/agora.xtec.cat\/ceip-torre-llauder-mataro\/wp-content\/uploads\/usu1425\/2021\/11\/tempFileForShare_20211117-124837-205x300.jpg\" alt=\"\" width=\"205\" height=\"300\" srcset=\"https:\/\/agora.xtec.cat\/ceip-torre-llauder-mataro\/wp-content\/uploads\/usu1425\/2021\/11\/tempFileForShare_20211117-124837-205x300.jpg 205w, https:\/\/agora.xtec.cat\/ceip-torre-llauder-mataro\/wp-content\/uploads\/usu1425\/2021\/11\/tempFileForShare_20211117-124837.jpg 476w\" sizes=\"auto, (max-width: 205px) 100vw, 205px\" \/><\/p>\n<p>&nbsp;<\/p>\n","protected":false},"excerpt":{"rendered":"<p>Avui dimecres 17 de novembre, en Rafa de la llibreria Doria de Matar\u00f3, ha vingut a presentar diferents contes i llibres als alumnes dels cursos de 2n, 3r, 5\u00e8 A i 5\u00e8B.<br \/>\nDespr\u00e9s d&#8217;escoltar-los, l&#8217;alumnat ha escollit els que m\u00e9s han agradat i a partir de&hellip;  <a href=\"https:\/\/agora.xtec.cat\/ceip-torre-llauder-mataro\/general\/nous-llibres\/\" title=\"Read Nous llibres\">Llegeix m\u00e9s\u00bb<\/a><\/p>\n","protected":false},"author":24,"featured_media":4779,"comment_status":"open","ping_status":"closed","sticky":false,"template":"","format":"standard","meta":{"_bbp_topic_count":0,"_bbp_reply_count":0,"_bbp_total_topic_count":0,"_bbp_total_reply_count":0,"_bbp_voice_count":0,"_bbp_anonymous_reply_count":0,"_bbp_topic_count_hidden":0,"_bbp_reply_count_hidden":0,"_bbp_forum_subforum_count":0,"footnotes":""},"categories":[154,1,4],"tags":[],"class_list":["post-4764","post","type-post","status-publish","format-standard","has-post-thumbnail","hentry","category-biblioteca","category-general","category-portada"],"post_mailing_queue_ids":[],"_links":{"self":[{"href":"https:\/\/agora.xtec.cat\/ceip-torre-llauder-mataro\/wp-json\/wp\/v2\/posts\/4764","targetHints":{"allow":["GET"]}}],"collection":[{"href":"https:\/\/agora.xtec.cat\/ceip-torre-llauder-mataro\/wp-json\/wp\/v2\/posts"}],"about":[{"href":"https:\/\/agora.xtec.cat\/ceip-torre-llauder-mataro\/wp-json\/wp\/v2\/types\/post"}],"author":[{"embeddable":true,"href":"https:\/\/agora.xtec.cat\/ceip-torre-llauder-mataro\/wp-json\/wp\/v2\/users\/24"}],"replies":[{"embeddable":true,"href":"https:\/\/agora.xtec.cat\/ceip-torre-llauder-mataro\/wp-json\/wp\/v2\/comments?post=4764"}],"version-history":[{"count":3,"href":"https:\/\/agora.xtec.cat\/ceip-torre-llauder-mataro\/wp-json\/wp\/v2\/posts\/4764\/revisions"}],"predecessor-version":[{"id":4776,"href":"https:\/\/agora.xtec.cat\/ceip-torre-llauder-mataro\/wp-json\/wp\/v2\/posts\/4764\/revisions\/4776"}],"wp:featuredmedia":[{"embeddable":true,"href":"https:\/\/agora.xtec.cat\/ceip-torre-llauder-mataro\/wp-json\/wp\/v2\/media\/4779"}],"wp:attachment":[{"href":"https:\/\/agora.xtec.cat\/ceip-torre-llauder-mataro\/wp-json\/wp\/v2\/media?parent=4764"}],"wp:term":[{"taxonomy":"category","embeddable":true,"href":"https:\/\/agora.xtec.cat\/ceip-torre-llauder-mataro\/wp-json\/wp\/v2\/categories?post=4764"},{"taxonomy":"post_tag","embeddable":true,"href":"https:\/\/agora.xtec.cat\/ceip-torre-llauder-mataro\/wp-json\/wp\/v2\/tags?post=4764"}],"curies":[{"name":"wp","href":"https:\/\/api.w.org\/{rel}","templated":true}]}}