{"id":4749,"date":"2021-11-15T12:51:43","date_gmt":"2021-11-15T11:51:43","guid":{"rendered":"https:\/\/agora.xtec.cat\/ceip-torre-llauder-mataro\/?p=4749"},"modified":"2021-11-15T12:53:39","modified_gmt":"2021-11-15T11:53:39","slug":"racons-a-p3setembre-octubre","status":"publish","type":"post","link":"https:\/\/agora.xtec.cat\/ceip-torre-llauder-mataro\/infantil\/racons-a-p3setembre-octubre\/","title":{"rendered":"RACONS A P3 (setembre\/octubre)"},"content":{"rendered":"<p>Cada setmana els nens i nenes de P3 realitzen 3 sessions de Racons de Treball on lliurement i de manera cada cop m\u00e9s aut\u00f2noma van jugant i aprenent. Les propostes s\u00f3n moltes i variades, i es mantenen durant diferents dies. Inclouen activitats, habilitats o t\u00e8cniques de totes les \u00e0rees (llengua, construccions, matem\u00e0tiques, medi, experimentaci\u00f3, pl\u00e0stica, creatiu, psicomotricitat fina&#8230;) que ajuden al seu desenvolupament global.<\/p>\n<p>Podeu veure aqu\u00ed que han treballat molt fent <a href=\"https:\/\/photos.app.goo.gl\/MWTLyxtYk1NggQZt9\">racons a P3<\/a><\/p>\n","protected":false},"excerpt":{"rendered":"<p>Cada setmana els nens i nenes de P3 realitzen 3 sessions de Racons de Treball on lliurement i de manera cada cop m\u00e9s aut\u00f2noma van jugant i aprenent. Les propostes s\u00f3n moltes i variades, i es mantenen durant diferents dies. Inclouen activitats, habilitats o t\u00e8cniques&hellip;  <a href=\"https:\/\/agora.xtec.cat\/ceip-torre-llauder-mataro\/infantil\/racons-a-p3setembre-octubre\/\" title=\"Read RACONS A P3 (setembre\/octubre)\">Llegeix m\u00e9s\u00bb<\/a><\/p>\n","protected":false},"author":21,"featured_media":0,"comment_status":"open","ping_status":"closed","sticky":false,"template":"","format":"standard","meta":{"_bbp_topic_count":0,"_bbp_reply_count":0,"_bbp_total_topic_count":0,"_bbp_total_reply_count":0,"_bbp_voice_count":0,"_bbp_anonymous_reply_count":0,"_bbp_topic_count_hidden":0,"_bbp_reply_count_hidden":0,"_bbp_forum_subforum_count":0,"footnotes":""},"categories":[83,2],"tags":[],"class_list":["post-4749","post","type-post","status-publish","format-standard","hentry","category-i3","category-infantil"],"post_mailing_queue_ids":[],"_links":{"self":[{"href":"https:\/\/agora.xtec.cat\/ceip-torre-llauder-mataro\/wp-json\/wp\/v2\/posts\/4749","targetHints":{"allow":["GET"]}}],"collection":[{"href":"https:\/\/agora.xtec.cat\/ceip-torre-llauder-mataro\/wp-json\/wp\/v2\/posts"}],"about":[{"href":"https:\/\/agora.xtec.cat\/ceip-torre-llauder-mataro\/wp-json\/wp\/v2\/types\/post"}],"author":[{"embeddable":true,"href":"https:\/\/agora.xtec.cat\/ceip-torre-llauder-mataro\/wp-json\/wp\/v2\/users\/21"}],"replies":[{"embeddable":true,"href":"https:\/\/agora.xtec.cat\/ceip-torre-llauder-mataro\/wp-json\/wp\/v2\/comments?post=4749"}],"version-history":[{"count":2,"href":"https:\/\/agora.xtec.cat\/ceip-torre-llauder-mataro\/wp-json\/wp\/v2\/posts\/4749\/revisions"}],"predecessor-version":[{"id":4751,"href":"https:\/\/agora.xtec.cat\/ceip-torre-llauder-mataro\/wp-json\/wp\/v2\/posts\/4749\/revisions\/4751"}],"wp:attachment":[{"href":"https:\/\/agora.xtec.cat\/ceip-torre-llauder-mataro\/wp-json\/wp\/v2\/media?parent=4749"}],"wp:term":[{"taxonomy":"category","embeddable":true,"href":"https:\/\/agora.xtec.cat\/ceip-torre-llauder-mataro\/wp-json\/wp\/v2\/categories?post=4749"},{"taxonomy":"post_tag","embeddable":true,"href":"https:\/\/agora.xtec.cat\/ceip-torre-llauder-mataro\/wp-json\/wp\/v2\/tags?post=4749"}],"curies":[{"name":"wp","href":"https:\/\/api.w.org\/{rel}","templated":true}]}}