{"id":4722,"date":"2021-11-07T20:56:45","date_gmt":"2021-11-07T19:56:45","guid":{"rendered":"https:\/\/agora.xtec.cat\/ceip-torre-llauder-mataro\/?p=4722"},"modified":"2021-11-10T16:59:57","modified_gmt":"2021-11-10T15:59:57","slug":"pinfuvote","status":"publish","type":"post","link":"https:\/\/agora.xtec.cat\/ceip-torre-llauder-mataro\/general\/pinfuvote\/","title":{"rendered":"PINFUVOTE"},"content":{"rendered":"<p>L&#8217;alumnat de<strong> 6\u00e8 A i 6\u00e8 B<\/strong> ha participat en unes jornades esportives a la nostra escola organitzades per uns estudiants de <strong>l&#8217;Institut Alexandre Satorras<\/strong> dins del seu TDR (treball de recerca), que es realitza a segon de batxillerat.<\/p>\n<p>Aquestes jornades tenien dos objectius:<\/p>\n<ul>\n<li>Con\u00e8ixer un nou esport, <strong>el Pinfuvote<\/strong>, que combina el ping pong, el futbol, el v\u00f2lei i el tenis.<\/li>\n<li>Fomentar la <strong>solidaritat i la cooperaci\u00f3<\/strong> amb les persones m\u00e9s necessitades tot portant aliments.<\/li>\n<\/ul>\n<p style=\"text-align: center;\">A tothom ens ha agradat molt aquest nou esport perqu\u00e8 \u00e9s f\u00e0cil d&#8217;aprendre, ja que la pilota es<\/p>\n<p style=\"text-align: center;\"><span style=\"font-family: inherit; font-size: 1em;\">pot tocar amb totes les parts del cos, es juga en equip i no hi ha contacte amb l&#8217;adversari.<\/span><\/p>\n<p style=\"text-align: center;\"><img loading=\"lazy\" decoding=\"async\" class=\"alignnone wp-image-4727 size-medium\" src=\"https:\/\/agora.xtec.cat\/ceip-torre-llauder-mataro\/wp-content\/uploads\/usu1425\/2021\/11\/20211028_161933-300x146.jpg\" alt=\"\" width=\"300\" height=\"146\" srcset=\"https:\/\/agora.xtec.cat\/ceip-torre-llauder-mataro\/wp-content\/uploads\/usu1425\/2021\/11\/20211028_161933-300x146.jpg 300w, https:\/\/agora.xtec.cat\/ceip-torre-llauder-mataro\/wp-content\/uploads\/usu1425\/2021\/11\/20211028_161933-1024x498.jpg 1024w, https:\/\/agora.xtec.cat\/ceip-torre-llauder-mataro\/wp-content\/uploads\/usu1425\/2021\/11\/20211028_161933-768x373.jpg 768w, https:\/\/agora.xtec.cat\/ceip-torre-llauder-mataro\/wp-content\/uploads\/usu1425\/2021\/11\/20211028_161933-1536x747.jpg 1536w, https:\/\/agora.xtec.cat\/ceip-torre-llauder-mataro\/wp-content\/uploads\/usu1425\/2021\/11\/20211028_161933-2048x996.jpg 2048w\" sizes=\"auto, (max-width: 300px) 100vw, 300px\" \/> <img loading=\"lazy\" decoding=\"async\" class=\"alignnone wp-image-4726 size-medium\" src=\"https:\/\/agora.xtec.cat\/ceip-torre-llauder-mataro\/wp-content\/uploads\/usu1425\/2021\/11\/20211028_161403-300x146.jpg\" alt=\"\" width=\"300\" height=\"146\" srcset=\"https:\/\/agora.xtec.cat\/ceip-torre-llauder-mataro\/wp-content\/uploads\/usu1425\/2021\/11\/20211028_161403-300x146.jpg 300w, https:\/\/agora.xtec.cat\/ceip-torre-llauder-mataro\/wp-content\/uploads\/usu1425\/2021\/11\/20211028_161403-1024x498.jpg 1024w, https:\/\/agora.xtec.cat\/ceip-torre-llauder-mataro\/wp-content\/uploads\/usu1425\/2021\/11\/20211028_161403-768x373.jpg 768w, https:\/\/agora.xtec.cat\/ceip-torre-llauder-mataro\/wp-content\/uploads\/usu1425\/2021\/11\/20211028_161403-1536x747.jpg 1536w, https:\/\/agora.xtec.cat\/ceip-torre-llauder-mataro\/wp-content\/uploads\/usu1425\/2021\/11\/20211028_161403-2048x996.jpg 2048w\" sizes=\"auto, (max-width: 300px) 100vw, 300px\" \/> <img loading=\"lazy\" decoding=\"async\" class=\"alignnone wp-image-4724 size-medium\" src=\"https:\/\/agora.xtec.cat\/ceip-torre-llauder-mataro\/wp-content\/uploads\/usu1425\/2021\/11\/20211028_162742-300x146.jpg\" alt=\"\" width=\"300\" height=\"146\" srcset=\"https:\/\/agora.xtec.cat\/ceip-torre-llauder-mataro\/wp-content\/uploads\/usu1425\/2021\/11\/20211028_162742-300x146.jpg 300w, https:\/\/agora.xtec.cat\/ceip-torre-llauder-mataro\/wp-content\/uploads\/usu1425\/2021\/11\/20211028_162742-1024x498.jpg 1024w, https:\/\/agora.xtec.cat\/ceip-torre-llauder-mataro\/wp-content\/uploads\/usu1425\/2021\/11\/20211028_162742-768x373.jpg 768w, https:\/\/agora.xtec.cat\/ceip-torre-llauder-mataro\/wp-content\/uploads\/usu1425\/2021\/11\/20211028_162742-1536x747.jpg 1536w, https:\/\/agora.xtec.cat\/ceip-torre-llauder-mataro\/wp-content\/uploads\/usu1425\/2021\/11\/20211028_162742-2048x996.jpg 2048w\" sizes=\"auto, (max-width: 300px) 100vw, 300px\" \/><a href=\"https:\/\/agora.xtec.cat\/ceip-torre-llauder-mataro\/wp-content\/uploads\/usu1425\/2021\/11\/20211028_161526-scaled.jpg\">\u00a0<img loading=\"lazy\" decoding=\"async\" class=\"alignnone wp-image-4723\" src=\"https:\/\/agora.xtec.cat\/ceip-torre-llauder-mataro\/wp-content\/uploads\/usu1425\/2021\/11\/20211028_161526-300x146.jpg\" alt=\"\" width=\"286\" height=\"139\" srcset=\"https:\/\/agora.xtec.cat\/ceip-torre-llauder-mataro\/wp-content\/uploads\/usu1425\/2021\/11\/20211028_161526-300x146.jpg 300w, https:\/\/agora.xtec.cat\/ceip-torre-llauder-mataro\/wp-content\/uploads\/usu1425\/2021\/11\/20211028_161526-1024x498.jpg 1024w, https:\/\/agora.xtec.cat\/ceip-torre-llauder-mataro\/wp-content\/uploads\/usu1425\/2021\/11\/20211028_161526-768x373.jpg 768w, https:\/\/agora.xtec.cat\/ceip-torre-llauder-mataro\/wp-content\/uploads\/usu1425\/2021\/11\/20211028_161526-1536x747.jpg 1536w, https:\/\/agora.xtec.cat\/ceip-torre-llauder-mataro\/wp-content\/uploads\/usu1425\/2021\/11\/20211028_161526-2048x996.jpg 2048w\" sizes=\"auto, (max-width: 286px) 100vw, 286px\" \/><\/a><\/p>\n<p>&nbsp;<\/p>\n","protected":false},"excerpt":{"rendered":"<p>L&#8217;alumnat de 6\u00e8 A i 6\u00e8 B ha participat en unes jornades esportives a la nostra escola organitzades per uns estudiants de l&#8217;Institut Alexandre Satorras dins del seu TDR (treball de recerca), que es realitza a segon de batxillerat.<br \/>\nAquestes jornades tenien dos objectius:<\/p>\n<ul>\n<li>Con\u00e8ixer un nou&hellip;  <a href=\"https:\/\/agora.xtec.cat\/ceip-torre-llauder-mataro\/general\/pinfuvote\/\" title=\"Read PINFUVOTE\">Llegeix m\u00e9s\u00bb<\/a><br \/>\n","protected":false},"author":24,"featured_media":4738,"comment_status":"open","ping_status":"closed","sticky":false,"template":"","format":"standard","meta":{"_bbp_topic_count":0,"_bbp_reply_count":0,"_bbp_total_topic_count":0,"_bbp_total_reply_count":0,"_bbp_voice_count":0,"_bbp_anonymous_reply_count":0,"_bbp_topic_count_hidden":0,"_bbp_reply_count_hidden":0,"_bbp_forum_subforum_count":0,"footnotes":""},"categories":[1,4],"tags":[92,197],"class_list":["post-4722","post","type-post","status-publish","format-standard","has-post-thumbnail","hentry","category-general","category-portada","tag-educacio-fisica","tag-pinfuvote"],"post_mailing_queue_ids":[],"_links":{"self":[{"href":"https:\/\/agora.xtec.cat\/ceip-torre-llauder-mataro\/wp-json\/wp\/v2\/posts\/4722","targetHints":{"allow":["GET"]}}],"collection":[{"href":"https:\/\/agora.xtec.cat\/ceip-torre-llauder-mataro\/wp-json\/wp\/v2\/posts"}],"about":[{"href":"https:\/\/agora.xtec.cat\/ceip-torre-llauder-mataro\/wp-json\/wp\/v2\/types\/post"}],"author":[{"embeddable":true,"href":"https:\/\/agora.xtec.cat\/ceip-torre-llauder-mataro\/wp-json\/wp\/v2\/users\/24"}],"replies":[{"embeddable":true,"href":"https:\/\/agora.xtec.cat\/ceip-torre-llauder-mataro\/wp-json\/wp\/v2\/comments?post=4722"}],"version-history":[{"count":4,"href":"https:\/\/agora.xtec.cat\/ceip-torre-llauder-mataro\/wp-json\/wp\/v2\/posts\/4722\/revisions"}],"predecessor-version":[{"id":4742,"href":"https:\/\/agora.xtec.cat\/ceip-torre-llauder-mataro\/wp-json\/wp\/v2\/posts\/4722\/revisions\/4742"}],"wp:featuredmedia":[{"embeddable":true,"href":"https:\/\/agora.xtec.cat\/ceip-torre-llauder-mataro\/wp-json\/wp\/v2\/media\/4738"}],"wp:attachment":[{"href":"https:\/\/agora.xtec.cat\/ceip-torre-llauder-mataro\/wp-json\/wp\/v2\/media?parent=4722"}],"wp:term":[{"taxonomy":"category","embeddable":true,"href":"https:\/\/agora.xtec.cat\/ceip-torre-llauder-mataro\/wp-json\/wp\/v2\/categories?post=4722"},{"taxonomy":"post_tag","embeddable":true,"href":"https:\/\/agora.xtec.cat\/ceip-torre-llauder-mataro\/wp-json\/wp\/v2\/tags?post=4722"}],"curies":[{"name":"wp","href":"https:\/\/api.w.org\/{rel}","templated":true}]}}