{"id":4691,"date":"2021-10-27T11:02:50","date_gmt":"2021-10-27T09:02:50","guid":{"rendered":"https:\/\/agora.xtec.cat\/ceip-torre-llauder-mataro\/?p=4691"},"modified":"2021-10-27T11:02:50","modified_gmt":"2021-10-27T09:02:50","slug":"tastem-fruites-de-la-tardor-2","status":"publish","type":"post","link":"https:\/\/agora.xtec.cat\/ceip-torre-llauder-mataro\/infantil\/tastem-fruites-de-la-tardor-2\/","title":{"rendered":"Tastem fruites de la tardor"},"content":{"rendered":"<p>Avui els nens i les nenes de la classe del Drac hem tastat fruites de temporada, algunes fruites de la tardor: ra\u00efm, xirimoia, caqui, mandarina i magrana. Primer hem parlat a la rotllana per saber si les coneixem o no, si les mengem a casa, si sabem com s\u00f3n per dins&#8230; despr\u00e9s les hem tastat i hem dit quina ens agrada m\u00e9s i quina menys. Alguns\/es han menjat molta fruita i d&#8217;altres no gaire per\u00f2 tots\/es hem descobert fuites que coneixiem poc!!<\/p>\n<p><a href=\"https:\/\/photos.app.goo.gl\/9MMQfA4bZMSvyEaGA\">Fotos tast<\/a><\/p>\n","protected":false},"excerpt":{"rendered":"<p>Avui els nens i les nenes de la classe del Drac hem tastat fruites de temporada, algunes fruites de la tardor: ra\u00efm, xirimoia, caqui, mandarina i magrana. Primer hem parlat a la rotllana per saber si les coneixem o no, si les mengem a casa,&hellip;  <a href=\"https:\/\/agora.xtec.cat\/ceip-torre-llauder-mataro\/infantil\/tastem-fruites-de-la-tardor-2\/\" title=\"Read Tastem fruites de la tardor\">Llegeix m\u00e9s\u00bb<\/a><\/p>\n","protected":false},"author":12,"featured_media":0,"comment_status":"open","ping_status":"closed","sticky":false,"template":"","format":"standard","meta":{"_bbp_topic_count":0,"_bbp_reply_count":0,"_bbp_total_topic_count":0,"_bbp_total_reply_count":0,"_bbp_voice_count":0,"_bbp_anonymous_reply_count":0,"_bbp_topic_count_hidden":0,"_bbp_reply_count_hidden":0,"_bbp_forum_subforum_count":0,"footnotes":""},"categories":[3,2],"tags":[],"class_list":["post-4691","post","type-post","status-publish","format-standard","hentry","category-i4","category-infantil"],"post_mailing_queue_ids":[],"_links":{"self":[{"href":"https:\/\/agora.xtec.cat\/ceip-torre-llauder-mataro\/wp-json\/wp\/v2\/posts\/4691","targetHints":{"allow":["GET"]}}],"collection":[{"href":"https:\/\/agora.xtec.cat\/ceip-torre-llauder-mataro\/wp-json\/wp\/v2\/posts"}],"about":[{"href":"https:\/\/agora.xtec.cat\/ceip-torre-llauder-mataro\/wp-json\/wp\/v2\/types\/post"}],"author":[{"embeddable":true,"href":"https:\/\/agora.xtec.cat\/ceip-torre-llauder-mataro\/wp-json\/wp\/v2\/users\/12"}],"replies":[{"embeddable":true,"href":"https:\/\/agora.xtec.cat\/ceip-torre-llauder-mataro\/wp-json\/wp\/v2\/comments?post=4691"}],"version-history":[{"count":1,"href":"https:\/\/agora.xtec.cat\/ceip-torre-llauder-mataro\/wp-json\/wp\/v2\/posts\/4691\/revisions"}],"predecessor-version":[{"id":4692,"href":"https:\/\/agora.xtec.cat\/ceip-torre-llauder-mataro\/wp-json\/wp\/v2\/posts\/4691\/revisions\/4692"}],"wp:attachment":[{"href":"https:\/\/agora.xtec.cat\/ceip-torre-llauder-mataro\/wp-json\/wp\/v2\/media?parent=4691"}],"wp:term":[{"taxonomy":"category","embeddable":true,"href":"https:\/\/agora.xtec.cat\/ceip-torre-llauder-mataro\/wp-json\/wp\/v2\/categories?post=4691"},{"taxonomy":"post_tag","embeddable":true,"href":"https:\/\/agora.xtec.cat\/ceip-torre-llauder-mataro\/wp-json\/wp\/v2\/tags?post=4691"}],"curies":[{"name":"wp","href":"https:\/\/api.w.org\/{rel}","templated":true}]}}