{"id":4686,"date":"2021-10-25T17:01:36","date_gmt":"2021-10-25T15:01:36","guid":{"rendered":"https:\/\/agora.xtec.cat\/ceip-torre-llauder-mataro\/?p=4686"},"modified":"2021-10-26T10:50:19","modified_gmt":"2021-10-26T08:50:19","slug":"sortida-a-can-plana-ed-inf","status":"publish","type":"post","link":"https:\/\/agora.xtec.cat\/ceip-torre-llauder-mataro\/infantil\/sortida-a-can-plana-ed-inf\/","title":{"rendered":"SORTIDA A CAN PLANA!! (ED. INF)"},"content":{"rendered":"<p>Quin dia m\u00e9s intens hem viscut a la granja de Can Plana!!! Hem vist el bosc a la tardor, i hem trobat fulles molt diferents, aglans, castanyes&#8230;!!! I tamb\u00e9 un munt d&#8217;animals de la granja.<\/p>\n<p>Hem vist la caseta del porquet del conte i tamb\u00e9 la de la Castanyera i hem tingut la sort que estigu\u00e9s a casa seva. La castanyera ens ha repartit castanyes torrades, bon\u00edssimes!!!<\/p>\n<p><a href=\"https:\/\/photos.app.goo.gl\/HEgmfvZxjBP71BKC8\">Mireu aqu\u00ed que b\u00e9 ho han passat les gegantes, els dracs i els bufons!!<\/a><\/p>\n<p>&nbsp;<\/p>\n<p>&nbsp;<\/p>\n","protected":false},"excerpt":{"rendered":"<p>Quin dia m\u00e9s intens hem viscut a la granja de Can Plana!!! Hem vist el bosc a la tardor, i hem trobat fulles molt diferents, aglans, castanyes&#8230;!!! I tamb\u00e9 un munt d&#8217;animals de la granja.<br \/>\nHem vist la caseta del porquet del conte i tamb\u00e9 la&hellip;  <a href=\"https:\/\/agora.xtec.cat\/ceip-torre-llauder-mataro\/infantil\/sortida-a-can-plana-ed-inf\/\" title=\"Read SORTIDA A CAN PLANA!! (ED. INF)\">Llegeix m\u00e9s\u00bb<\/a><\/p>\n","protected":false},"author":21,"featured_media":0,"comment_status":"open","ping_status":"closed","sticky":false,"template":"","format":"standard","meta":{"_bbp_topic_count":0,"_bbp_reply_count":0,"_bbp_total_topic_count":0,"_bbp_total_reply_count":0,"_bbp_voice_count":0,"_bbp_anonymous_reply_count":0,"_bbp_topic_count_hidden":0,"_bbp_reply_count_hidden":0,"_bbp_forum_subforum_count":0,"footnotes":""},"categories":[83,3,8,2],"tags":[],"class_list":["post-4686","post","type-post","status-publish","format-standard","hentry","category-i3","category-i4","category-i5","category-infantil"],"post_mailing_queue_ids":[],"_links":{"self":[{"href":"https:\/\/agora.xtec.cat\/ceip-torre-llauder-mataro\/wp-json\/wp\/v2\/posts\/4686","targetHints":{"allow":["GET"]}}],"collection":[{"href":"https:\/\/agora.xtec.cat\/ceip-torre-llauder-mataro\/wp-json\/wp\/v2\/posts"}],"about":[{"href":"https:\/\/agora.xtec.cat\/ceip-torre-llauder-mataro\/wp-json\/wp\/v2\/types\/post"}],"author":[{"embeddable":true,"href":"https:\/\/agora.xtec.cat\/ceip-torre-llauder-mataro\/wp-json\/wp\/v2\/users\/21"}],"replies":[{"embeddable":true,"href":"https:\/\/agora.xtec.cat\/ceip-torre-llauder-mataro\/wp-json\/wp\/v2\/comments?post=4686"}],"version-history":[{"count":2,"href":"https:\/\/agora.xtec.cat\/ceip-torre-llauder-mataro\/wp-json\/wp\/v2\/posts\/4686\/revisions"}],"predecessor-version":[{"id":4689,"href":"https:\/\/agora.xtec.cat\/ceip-torre-llauder-mataro\/wp-json\/wp\/v2\/posts\/4686\/revisions\/4689"}],"wp:attachment":[{"href":"https:\/\/agora.xtec.cat\/ceip-torre-llauder-mataro\/wp-json\/wp\/v2\/media?parent=4686"}],"wp:term":[{"taxonomy":"category","embeddable":true,"href":"https:\/\/agora.xtec.cat\/ceip-torre-llauder-mataro\/wp-json\/wp\/v2\/categories?post=4686"},{"taxonomy":"post_tag","embeddable":true,"href":"https:\/\/agora.xtec.cat\/ceip-torre-llauder-mataro\/wp-json\/wp\/v2\/tags?post=4686"}],"curies":[{"name":"wp","href":"https:\/\/api.w.org\/{rel}","templated":true}]}}