{"id":4682,"date":"2021-10-23T11:17:32","date_gmt":"2021-10-23T09:17:32","guid":{"rendered":"https:\/\/agora.xtec.cat\/ceip-torre-llauder-mataro\/?p=4682"},"modified":"2021-10-23T21:17:05","modified_gmt":"2021-10-23T19:17:05","slug":"la-verema-p5","status":"publish","type":"post","link":"https:\/\/agora.xtec.cat\/ceip-torre-llauder-mataro\/infantil\/la-verema-p5\/","title":{"rendered":"La Verema P5"},"content":{"rendered":"<p style=\"text-align: left;\">Aquesta setmana a P5 hem parlat de la verema. Hem vist v\u00eddeos de com es realitza tot el proc\u00e8s des de que s&#8217;agafa el ra\u00efm fins que ens bevem el seu l\u00edquid. N&#8217;hem parlat i finalment hem experimentat amb els nostres peus com es realitzava la verema antigament.<\/p>\n<p>Per acabar hem tastat el most, que s&#8217;obt\u00e9 del suc que queda de premsar el ra\u00efm, tamb\u00e9 hem apr\u00e8s que si el deixem fermentar un temps, es converteix en el vi que prenen els adults.<\/p>\n<p><a href=\"https:\/\/photos.app.goo.gl\/p5u11Z6Hbsax5Lpx9\">Fotos VEREMA<\/a><\/p>\n","protected":false},"excerpt":{"rendered":"<p>Aquesta setmana a P5 hem parlat de la verema. Hem vist v\u00eddeos de com es realitza tot el proc\u00e8s des de que s&#8217;agafa el ra\u00efm fins que ens bevem el seu l\u00edquid. N&#8217;hem parlat i finalment hem experimentat amb els nostres peus com es realitzava&hellip;  <a href=\"https:\/\/agora.xtec.cat\/ceip-torre-llauder-mataro\/infantil\/la-verema-p5\/\" title=\"Read La Verema P5\">Llegeix m\u00e9s\u00bb<\/a><\/p>\n","protected":false},"author":7,"featured_media":0,"comment_status":"open","ping_status":"closed","sticky":false,"template":"","format":"standard","meta":{"_bbp_topic_count":0,"_bbp_reply_count":0,"_bbp_total_topic_count":0,"_bbp_total_reply_count":0,"_bbp_voice_count":0,"_bbp_anonymous_reply_count":0,"_bbp_topic_count_hidden":0,"_bbp_reply_count_hidden":0,"_bbp_forum_subforum_count":0,"footnotes":""},"categories":[8,2],"tags":[],"class_list":["post-4682","post","type-post","status-publish","format-standard","hentry","category-i5","category-infantil"],"post_mailing_queue_ids":[],"_links":{"self":[{"href":"https:\/\/agora.xtec.cat\/ceip-torre-llauder-mataro\/wp-json\/wp\/v2\/posts\/4682","targetHints":{"allow":["GET"]}}],"collection":[{"href":"https:\/\/agora.xtec.cat\/ceip-torre-llauder-mataro\/wp-json\/wp\/v2\/posts"}],"about":[{"href":"https:\/\/agora.xtec.cat\/ceip-torre-llauder-mataro\/wp-json\/wp\/v2\/types\/post"}],"author":[{"embeddable":true,"href":"https:\/\/agora.xtec.cat\/ceip-torre-llauder-mataro\/wp-json\/wp\/v2\/users\/7"}],"replies":[{"embeddable":true,"href":"https:\/\/agora.xtec.cat\/ceip-torre-llauder-mataro\/wp-json\/wp\/v2\/comments?post=4682"}],"version-history":[{"count":2,"href":"https:\/\/agora.xtec.cat\/ceip-torre-llauder-mataro\/wp-json\/wp\/v2\/posts\/4682\/revisions"}],"predecessor-version":[{"id":4684,"href":"https:\/\/agora.xtec.cat\/ceip-torre-llauder-mataro\/wp-json\/wp\/v2\/posts\/4682\/revisions\/4684"}],"wp:attachment":[{"href":"https:\/\/agora.xtec.cat\/ceip-torre-llauder-mataro\/wp-json\/wp\/v2\/media?parent=4682"}],"wp:term":[{"taxonomy":"category","embeddable":true,"href":"https:\/\/agora.xtec.cat\/ceip-torre-llauder-mataro\/wp-json\/wp\/v2\/categories?post=4682"},{"taxonomy":"post_tag","embeddable":true,"href":"https:\/\/agora.xtec.cat\/ceip-torre-llauder-mataro\/wp-json\/wp\/v2\/tags?post=4682"}],"curies":[{"name":"wp","href":"https:\/\/api.w.org\/{rel}","templated":true}]}}